{"id":38946,"date":"2024-12-18T12:45:40","date_gmt":"2024-12-18T12:45:40","guid":{"rendered":"https:\/\/radiojehona.com\/?p=38946"},"modified":"2024-12-18T12:45:40","modified_gmt":"2024-12-18T12:45:40","slug":"blerim-bexheti-grubi-te-kthehet-ne-vend-dhe-te-perballet-me-drejtesine","status":"publish","type":"post","link":"https:\/\/radiojehona.mk\/?p=38946","title":{"rendered":"Blerim Bexheti: Grubi t\u00eb kthehet n\u00eb vend dhe t\u00eb p\u00ebrballet me drejt\u00ebsin\u00eb"},"content":{"rendered":"\n<figure class=\"wp-block-image size-large\"><img fetchpriority=\"high\" decoding=\"async\" width=\"1024\" height=\"512\" src=\"https:\/\/radiojehona.com\/wp-content\/uploads\/2024\/12\/IMG_9912-1024x512.jpeg\" alt=\"\" class=\"wp-image-38947\" srcset=\"https:\/\/radiojehona.mk\/wp-content\/uploads\/2024\/12\/IMG_9912-1024x512.jpeg 1024w, https:\/\/radiojehona.mk\/wp-content\/uploads\/2024\/12\/IMG_9912-300x150.jpeg 300w, https:\/\/radiojehona.mk\/wp-content\/uploads\/2024\/12\/IMG_9912-768x384.jpeg 768w, https:\/\/radiojehona.mk\/wp-content\/uploads\/2024\/12\/IMG_9912.jpeg 1125w\" sizes=\"(max-width: 1024px) 100vw, 1024px\" \/><\/figure>\n\n\n\n<p>Deputeti i BDI-s\u00eb, Blerim Bexheti thot\u00eb se Artan Grubi duhet t\u00eb dal para organeve t\u00eb drejt\u00ebsis\u00eb dhe t\u00eb p\u00ebrballet me ligjin.<\/p>\n\n\n\n<p>Bexheti n\u00eb \u201cDaily Click\u201d tha se, si do q\u00eb t\u00eb jet\u00eb, n\u00ebse \u00ebsht\u00eb i past\u00ebr ose n\u00ebse ka b\u00ebr\u00eb shkelje ligjore, kjo t\u00eb konstatohet n\u00eb organet kushtetuese t\u00eb vendit.<\/p>\n\n\n\n<p>\u201cArtan Grubin e ftoj publikisht edhe n\u00eb em\u00ebr t\u00eb partis\u00eb por edhe n\u00eb em\u00ebr timin qe te paraqitet para organeve t\u00eb drejt\u00ebsis\u00eb q\u00eb t\u00eb ballafaqohet. Ka t\u00eb b\u00ebje me rastin e lotaris\u00eb. Si \u00e7do qytetar, bart\u00ebs i funksionit publik q\u00eb ka qen\u00eb dhe iu ka dh\u00ebn\u00eb mund\u00ebsia q\u00eb t\u00eb jet\u00eb q\u00eb t\u00eb gjitha dilemat q\u00eb n\u00ebse ai thirret q\u00eb \u00ebsht\u00eb i past\u00ebr ose n\u00ebse ka b\u00ebr\u00eb shkelje t\u00eb ligjit t\u00eb konstatohet n\u00eb organet kushtetuese ligjore dhe uroj q\u00eb t\u00eb ballafaqohet ai fhe shun\u00eb t\u00eb tjer\u00eb\u201d, tha Blerim Bexheti.<\/p>\n\n\n\n<p>Bexheti thot\u00eb se Artan Grubi nuk \u00ebsht\u00eb m\u00eb pjes\u00eb e BDI-s\u00eb.<\/p>\n\n\n\n<p>\u201cPas atij momenti, Artan Grubi \u00ebsht\u00eb t\u00ebrhequr nga jeta publike. Sigurisht se edhe ai ka informacionin q\u00eb paraprakisht ka nj\u00eb vendim t\u00eb till\u00eb n\u00eb organet partiake dhe \u00ebsht\u00eb t\u00ebrhequr nga \u00e7do organ dhe rol dhe faktikisht nuk \u00ebsht\u00eb pjes\u00eb e BDI-s\u00eb pas atij vendimi\u201d, tha Blerim Bexheti.\/koha.mk\/<\/p>\n","protected":false},"excerpt":{"rendered":"<p>Deputeti i BDI-s&euml;, Blerim Bexheti thot&euml; se Artan Grubi duhet t&euml; dal para organeve t&euml; drejt&euml;sis&euml; dhe t&euml; p&euml;rballet me ligjin. Bexheti n&euml; &ldquo;Daily Click&rdquo; tha se, si do q&euml; t&euml; jet&euml;, n&euml;se &euml;sht&euml; i past&euml;r ose n&euml;se ka b&euml;r&euml; shkelje ligjore, kjo t&euml; konstatohet n&euml; organet kushtetuese t&euml; vendit. &ldquo;Artan Grubin e ftoj publikisht [&hellip;]<\/p>\n","protected":false},"author":2,"featured_media":38947,"comment_status":"open","ping_status":"closed","sticky":false,"template":"","format":"standard","meta":{"_monsterinsights_skip_tracking":false,"_monsterinsights_sitenote_active":false,"_monsterinsights_sitenote_note":"","_monsterinsights_sitenote_category":0,"footnotes":""},"categories":[1],"tags":[],"class_list":["post-38946","post","type-post","status-publish","format-standard","has-post-thumbnail","hentry","category-vendi"],"_links":{"self":[{"href":"https:\/\/radiojehona.mk\/index.php?rest_route=\/wp\/v2\/posts\/38946","targetHints":{"allow":["GET"]}}],"collection":[{"href":"https:\/\/radiojehona.mk\/index.php?rest_route=\/wp\/v2\/posts"}],"about":[{"href":"https:\/\/radiojehona.mk\/index.php?rest_route=\/wp\/v2\/types\/post"}],"author":[{"embeddable":true,"href":"https:\/\/radiojehona.mk\/index.php?rest_route=\/wp\/v2\/users\/2"}],"replies":[{"embeddable":true,"href":"https:\/\/radiojehona.mk\/index.php?rest_route=%2Fwp%2Fv2%2Fcomments&post=38946"}],"version-history":[{"count":2,"href":"https:\/\/radiojehona.mk\/index.php?rest_route=\/wp\/v2\/posts\/38946\/revisions"}],"predecessor-version":[{"id":38949,"href":"https:\/\/radiojehona.mk\/index.php?rest_route=\/wp\/v2\/posts\/38946\/revisions\/38949"}],"wp:featuredmedia":[{"embeddable":true,"href":"https:\/\/radiojehona.mk\/index.php?rest_route=\/wp\/v2\/media\/38947"}],"wp:attachment":[{"href":"https:\/\/radiojehona.mk\/index.php?rest_route=%2Fwp%2Fv2%2Fmedia&parent=38946"}],"wp:term":[{"taxonomy":"category","embeddable":true,"href":"https:\/\/radiojehona.mk\/index.php?rest_route=%2Fwp%2Fv2%2Fcategories&post=38946"},{"taxonomy":"post_tag","embeddable":true,"href":"https:\/\/radiojehona.mk\/index.php?rest_route=%2Fwp%2Fv2%2Ftags&post=38946"}],"curies":[{"name":"wp","href":"https:\/\/api.w.org\/{rel}","templated":true}]}}