{"id":38942,"date":"2024-12-18T12:36:04","date_gmt":"2024-12-18T12:36:04","guid":{"rendered":"https:\/\/radiojehona.com\/?p=38942"},"modified":"2024-12-18T12:36:05","modified_gmt":"2024-12-18T12:36:05","slug":"taravari-dhenia-e-celsit-te-prishtines-ali-ahmetit-ofendim-per-shqiptaret-e-maqedonise","status":"publish","type":"post","link":"https:\/\/radiojehona.mk\/?p=38942","title":{"rendered":"Taravari: Dh\u00ebnia e \u00e7elsit t\u00eb Prishtin\u00ebs Ali Ahmetit, ofendim p\u00ebr shqiptar\u00ebt e Maqedonis\u00eb"},"content":{"rendered":"\n<figure class=\"wp-block-image size-large\"><img fetchpriority=\"high\" decoding=\"async\" width=\"1024\" height=\"697\" src=\"https:\/\/radiojehona.com\/wp-content\/uploads\/2024\/12\/IMG_9911-1024x697.jpeg\" alt=\"\" class=\"wp-image-38943\" srcset=\"https:\/\/radiojehona.mk\/wp-content\/uploads\/2024\/12\/IMG_9911-1024x697.jpeg 1024w, https:\/\/radiojehona.mk\/wp-content\/uploads\/2024\/12\/IMG_9911-300x204.jpeg 300w, https:\/\/radiojehona.mk\/wp-content\/uploads\/2024\/12\/IMG_9911-768x523.jpeg 768w, https:\/\/radiojehona.mk\/wp-content\/uploads\/2024\/12\/IMG_9911.jpeg 1125w\" sizes=\"(max-width: 1024px) 100vw, 1024px\" \/><\/figure>\n\n\n\n<p>Kreu i Komun\u00ebs s\u00eb Prishtin\u00ebs, P\u00ebrparim Rama, i dor\u00ebzoi dje \u201c\u00c7el\u00ebsin e Qytetit\u201d liderit t\u00eb Bashkimit Demokratik p\u00ebr Integrim, Ali Ahmeti. Ky veprim ka ngjallur reagime t\u00eb ashpra nga nj\u00ebri nga krer\u00ebt e VLEN-it, Arben Taravari, |i cili e ka cil\u00ebsuar k\u00ebt\u00eb nderim si nj\u00eb ofendim t\u00eb madh p\u00ebr shqiptar\u00ebt e Maqedonis\u00eb.<\/p>\n\n\n\n<p>Taravari theksoi se ky \u00ebsht\u00eb nj\u00eb veprim absurd, duke u nisur nga fakti se Ahmeti \u00ebsht\u00eb shpallur nga Ambasada Amerikane si nj\u00eb person i p\u00ebrfshir\u00eb n\u00eb afera korruptive dhe se ai ka abuzuar me besimin e popullit p\u00ebr m\u00eb shum\u00eb se dy dekada. Ai shtoi se p\u00ebr k\u00ebto arsye, dh\u00ebnia e \u201c\u00c7el\u00ebsit t\u00eb Qytetit\u201d Ahmetit \u00ebsht\u00eb nj\u00eb ofendim p\u00ebr shqiptar\u00ebt e Maqedonis\u00eb, q\u00eb kan\u00eb vuajtur nga politika e tij.<\/p>\n\n\n\n<p>\u201cAli Ahmeti ka keqp\u00ebrdorur popullin shqiptar p\u00ebr 22 vjet, duke e varf\u00ebruar dhe pasuruar t\u00eb af\u00ebrmit e tij. Ky \u00ebsht\u00eb nj\u00eb akt q\u00eb reflekton pap\u00ebrgjegjshm\u00ebri dhe \u00ebsht\u00eb ofendim p\u00ebr shqiptar\u00ebt e Maqedonis\u00eb\u201d, shkroi Taravari n\u00eb rrjetet sociale.<\/p>\n","protected":false},"excerpt":{"rendered":"<p>Kreu i Komun&euml;s s&euml; Prishtin&euml;s, P&euml;rparim Rama, i dor&euml;zoi dje &ldquo;&Ccedil;el&euml;sin e Qytetit&rdquo; liderit t&euml; Bashkimit Demokratik p&euml;r Integrim, Ali Ahmeti. Ky veprim ka ngjallur reagime t&euml; ashpra nga nj&euml;ri nga krer&euml;t e VLEN-it, Arben Taravari, |i cili e ka cil&euml;suar k&euml;t&euml; nderim si nj&euml; ofendim t&euml; madh p&euml;r shqiptar&euml;t e Maqedonis&euml;. Taravari theksoi se [&hellip;]<\/p>\n","protected":false},"author":2,"featured_media":38943,"comment_status":"open","ping_status":"closed","sticky":false,"template":"","format":"standard","meta":{"_monsterinsights_skip_tracking":false,"_monsterinsights_sitenote_active":false,"_monsterinsights_sitenote_note":"","_monsterinsights_sitenote_category":0,"footnotes":""},"categories":[1],"tags":[],"class_list":["post-38942","post","type-post","status-publish","format-standard","has-post-thumbnail","hentry","category-vendi"],"_links":{"self":[{"href":"https:\/\/radiojehona.mk\/index.php?rest_route=\/wp\/v2\/posts\/38942","targetHints":{"allow":["GET"]}}],"collection":[{"href":"https:\/\/radiojehona.mk\/index.php?rest_route=\/wp\/v2\/posts"}],"about":[{"href":"https:\/\/radiojehona.mk\/index.php?rest_route=\/wp\/v2\/types\/post"}],"author":[{"embeddable":true,"href":"https:\/\/radiojehona.mk\/index.php?rest_route=\/wp\/v2\/users\/2"}],"replies":[{"embeddable":true,"href":"https:\/\/radiojehona.mk\/index.php?rest_route=%2Fwp%2Fv2%2Fcomments&post=38942"}],"version-history":[{"count":2,"href":"https:\/\/radiojehona.mk\/index.php?rest_route=\/wp\/v2\/posts\/38942\/revisions"}],"predecessor-version":[{"id":38945,"href":"https:\/\/radiojehona.mk\/index.php?rest_route=\/wp\/v2\/posts\/38942\/revisions\/38945"}],"wp:featuredmedia":[{"embeddable":true,"href":"https:\/\/radiojehona.mk\/index.php?rest_route=\/wp\/v2\/media\/38943"}],"wp:attachment":[{"href":"https:\/\/radiojehona.mk\/index.php?rest_route=%2Fwp%2Fv2%2Fmedia&parent=38942"}],"wp:term":[{"taxonomy":"category","embeddable":true,"href":"https:\/\/radiojehona.mk\/index.php?rest_route=%2Fwp%2Fv2%2Fcategories&post=38942"},{"taxonomy":"post_tag","embeddable":true,"href":"https:\/\/radiojehona.mk\/index.php?rest_route=%2Fwp%2Fv2%2Ftags&post=38942"}],"curies":[{"name":"wp","href":"https:\/\/api.w.org\/{rel}","templated":true}]}}