{"id":38938,"date":"2024-12-18T12:34:31","date_gmt":"2024-12-18T12:34:31","guid":{"rendered":"https:\/\/radiojehona.com\/?p=38938"},"modified":"2024-12-18T12:34:31","modified_gmt":"2024-12-18T12:34:31","slug":"largimi-i-grubit-permes-bllaces-iseni-nga-mpb-thote-se-po-kryhen-kontrolle","status":"publish","type":"post","link":"https:\/\/radiojehona.mk\/?p=38938","title":{"rendered":"Largimi i Grubit p\u00ebrmes Bllac\u00ebs, Iseni nga MPB thot\u00eb se po kryhen kontrolle"},"content":{"rendered":"\n<figure class=\"wp-block-image size-large\"><img fetchpriority=\"high\" decoding=\"async\" width=\"1024\" height=\"608\" src=\"https:\/\/radiojehona.com\/wp-content\/uploads\/2024\/12\/IMG_9910-1024x608.jpeg\" alt=\"\" class=\"wp-image-38939\" srcset=\"https:\/\/radiojehona.mk\/wp-content\/uploads\/2024\/12\/IMG_9910-1024x608.jpeg 1024w, https:\/\/radiojehona.mk\/wp-content\/uploads\/2024\/12\/IMG_9910-300x178.jpeg 300w, https:\/\/radiojehona.mk\/wp-content\/uploads\/2024\/12\/IMG_9910-768x456.jpeg 768w, https:\/\/radiojehona.mk\/wp-content\/uploads\/2024\/12\/IMG_9910.jpeg 1125w\" sizes=\"(max-width: 1024px) 100vw, 1024px\" \/><\/figure>\n\n\n\n<p>Z\u00ebvend\u00ebsministri i Pun\u00ebve t\u00eb Brendshme, Astrit Iseni n\u00eb intervist\u00ebn p\u00ebr Alsat tha se Sektori p\u00ebr Kontroll t\u00eb Brendsh\u00ebm po shqyrton shkeljet eventuale t\u00eb zyrtar\u00ebve policor\u00eb gjat\u00eb kalimit t\u00eb Artan Grubit n\u00eb Pik\u00ebn Kufitare Bllac\u00eb.<\/p>\n\n\n\n<p>Sipas tij, ka dyshime p\u00ebr rrjedhje eventuale t\u00eb informatave nga policia n\u00eb lidhje me \u00e7\u00ebshtjen e Grubit. Iseni, nuk dha informat\u00eb n\u00ebse Grubi ka qen\u00eb n\u00eb Stop list\u00eb, gjegj\u00ebsisht n\u00ebse ka pasur ndales\u00eb p\u00ebr ta l\u00ebshuar shtetin.<\/p>\n\n\n\n<p>\u201cNe shpresojm\u00eb se gabimi apo l\u00ebshimi nuk ka qen\u00eb i q\u00ebllimsh\u00ebm nga ana e policit kufitar dhe gjithashtu ne n\u00eb terren, e kemi kontrollin e brendsh\u00ebm, i cili \u00ebsht\u00eb p\u00ebrgjegj\u00ebs p\u00ebr k\u00ebt\u00eb dhe normalisht n\u00ebse ka t\u00eb dh\u00ebn\u00eb t\u00eb till\u00eb me t\u00eb cil\u00ebn e shohin se ka pasur tendenc\u00eb t\u00eb q\u00ebllimshme, at\u00ebher\u00eb normalisht do t\u00eb marrim masa si Ministri e Pun\u00ebve t\u00eb Brendshme\u2026Ka dyshime, kontrollohen k\u00ebto informacione dhe normalisht n\u00ebse v\u00ebrtetohet nj\u00eb gj\u00eb e till\u00eb besoj se do t\u00eb jet\u00eb edhe nj\u00eb d\u00ebshmi shtes\u00eb p\u00ebr k\u00ebt\u00eb vazhdim\u00ebsi t\u00eb rrjedh\u00eb t\u00eb k\u00ebtyre ngjarjeve kriminogjene t\u00eb cilat do t\u00eb thot\u00eb se i takojn\u00eb pushtetit t\u00eb kaluar\u201d, deklaroi Astrit Iseni, z\u00ebvend\u00ebsminist\u00ebr i Pun\u00ebve t\u00eb Brendshme. \/Alsat.mk<\/p>\n\n\n\n<figure class=\"wp-block-image\"><img decoding=\"async\" src=\"https:\/\/ads.tetovasot.com\/www\/delivery\/lg.php?bannerid=0&amp;campaignid=0&amp;zoneid=258&amp;loc=https%3A%2F%2Fwww.tetovasot.com%2F2024%2F12%2Flargimi-i-grubit-permes-bllaces-iseni-nga-mpb-thote-se-po-kryhen-kontrolle%2F&amp;referer=https%3A%2F%2Ffax.al%2F&amp;cb=358d483b2f\" alt=\"\"\/><\/figure>\n","protected":false},"excerpt":{"rendered":"<p>Z&euml;vend&euml;sministri i Pun&euml;ve t&euml; Brendshme, Astrit Iseni n&euml; intervist&euml;n p&euml;r Alsat tha se Sektori p&euml;r Kontroll t&euml; Brendsh&euml;m po shqyrton shkeljet eventuale t&euml; zyrtar&euml;ve policor&euml; gjat&euml; kalimit t&euml; Artan Grubit n&euml; Pik&euml;n Kufitare Bllac&euml;. Sipas tij, ka dyshime p&euml;r rrjedhje eventuale t&euml; informatave nga policia n&euml; lidhje me &ccedil;&euml;shtjen e Grubit. Iseni, nuk dha informat&euml; [&hellip;]<\/p>\n","protected":false},"author":2,"featured_media":38939,"comment_status":"open","ping_status":"closed","sticky":false,"template":"","format":"standard","meta":{"_monsterinsights_skip_tracking":false,"_monsterinsights_sitenote_active":false,"_monsterinsights_sitenote_note":"","_monsterinsights_sitenote_category":0,"footnotes":""},"categories":[1],"tags":[],"class_list":["post-38938","post","type-post","status-publish","format-standard","has-post-thumbnail","hentry","category-vendi"],"_links":{"self":[{"href":"https:\/\/radiojehona.mk\/index.php?rest_route=\/wp\/v2\/posts\/38938","targetHints":{"allow":["GET"]}}],"collection":[{"href":"https:\/\/radiojehona.mk\/index.php?rest_route=\/wp\/v2\/posts"}],"about":[{"href":"https:\/\/radiojehona.mk\/index.php?rest_route=\/wp\/v2\/types\/post"}],"author":[{"embeddable":true,"href":"https:\/\/radiojehona.mk\/index.php?rest_route=\/wp\/v2\/users\/2"}],"replies":[{"embeddable":true,"href":"https:\/\/radiojehona.mk\/index.php?rest_route=%2Fwp%2Fv2%2Fcomments&post=38938"}],"version-history":[{"count":2,"href":"https:\/\/radiojehona.mk\/index.php?rest_route=\/wp\/v2\/posts\/38938\/revisions"}],"predecessor-version":[{"id":38941,"href":"https:\/\/radiojehona.mk\/index.php?rest_route=\/wp\/v2\/posts\/38938\/revisions\/38941"}],"wp:featuredmedia":[{"embeddable":true,"href":"https:\/\/radiojehona.mk\/index.php?rest_route=\/wp\/v2\/media\/38939"}],"wp:attachment":[{"href":"https:\/\/radiojehona.mk\/index.php?rest_route=%2Fwp%2Fv2%2Fmedia&parent=38938"}],"wp:term":[{"taxonomy":"category","embeddable":true,"href":"https:\/\/radiojehona.mk\/index.php?rest_route=%2Fwp%2Fv2%2Fcategories&post=38938"},{"taxonomy":"post_tag","embeddable":true,"href":"https:\/\/radiojehona.mk\/index.php?rest_route=%2Fwp%2Fv2%2Ftags&post=38938"}],"curies":[{"name":"wp","href":"https:\/\/api.w.org\/{rel}","templated":true}]}}