{"id":38934,"date":"2024-12-18T12:32:16","date_gmt":"2024-12-18T12:32:16","guid":{"rendered":"https:\/\/radiojehona.com\/?p=38934"},"modified":"2024-12-18T13:12:19","modified_gmt":"2024-12-18T13:12:19","slug":"mot-me-diell-dhe-vranesira-lokale","status":"publish","type":"post","link":"https:\/\/radiojehona.mk\/?p=38934","title":{"rendered":"MPB njofton se sot \u00ebsht\u00eb kryer bastisje n\u00eb Hara\u00e7in\u00eb, ku jan\u00eb gjetur arm\u00eb dhe municion"},"content":{"rendered":"\n<figure class=\"wp-block-image size-large\"><img fetchpriority=\"high\" decoding=\"async\" width=\"1024\" height=\"547\" src=\"https:\/\/radiojehona.com\/wp-content\/uploads\/2024\/12\/IMG_9909-1024x547.jpeg\" alt=\"\" class=\"wp-image-38935\" srcset=\"https:\/\/radiojehona.mk\/wp-content\/uploads\/2024\/12\/IMG_9909-1024x547.jpeg 1024w, https:\/\/radiojehona.mk\/wp-content\/uploads\/2024\/12\/IMG_9909-300x160.jpeg 300w, https:\/\/radiojehona.mk\/wp-content\/uploads\/2024\/12\/IMG_9909-768x410.jpeg 768w, https:\/\/radiojehona.mk\/wp-content\/uploads\/2024\/12\/IMG_9909.jpeg 1035w\" sizes=\"(max-width: 1024px) 100vw, 1024px\" \/><\/figure>\n\n\n\n<p>\u201cMe dat\u00eb 18.12.2024 rreth or\u00ebs 01:30, zyrtar\u00eb policor\u00eb nga Nj\u00ebsia p\u00ebr Shp\u00ebrndarje t\u00eb Shpejt\u00eb dhe Nj\u00ebsiti p\u00ebr Trafikim Ilegal n\u00eb SPB Shkup, n\u00eb rrug\u00ebn lokale nga fshati Orlanc\u00eb n\u00eb drejtim t\u00eb fshatit Nikushtak, n\u00eb atarin e Komun\u00ebs s\u00eb Hara\u00e7in\u00ebs, kan\u00eb gjetur mitroloz\u00eb, n\u00ebnt\u00eb pushk\u00eb automatike, korniza t\u00eb shumta boshe p\u00ebr nj\u00eb automatik dhe nj\u00eb karikator p\u00ebr automatik, dy korniza p\u00ebr nj\u00eb pushk\u00eb automatike me plumba, nj\u00eb kavanoz me municion, nj\u00eb \u00e7ant\u00eb shpine dhe sende t\u00eb tjera.<\/p>\n\n\n\n<p>Arm\u00ebt e gjetura jan\u00eb dor\u00ebzuar p\u00ebr ekspertiz\u00eb n\u00eb Departamentin t\u00eb Hetimeve Ligjore p\u00ebr ekspertiz\u00eb dhe po merren masa p\u00ebr zbardhjen e rastit\u201d, thon\u00eb nga MPB.<\/p>\n","protected":false},"excerpt":{"rendered":"<p>&ldquo;Me dat&euml; 18.12.2024 rreth or&euml;s 01:30, zyrtar&euml; policor&euml; nga Nj&euml;sia p&euml;r Shp&euml;rndarje t&euml; Shpejt&euml; dhe Nj&euml;siti p&euml;r Trafikim Ilegal n&euml; SPB Shkup, n&euml; rrug&euml;n lokale nga fshati Orlanc&euml; n&euml; drejtim t&euml; fshatit Nikushtak, n&euml; atarin e Komun&euml;s s&euml; Hara&ccedil;in&euml;s, kan&euml; gjetur mitroloz&euml;, n&euml;nt&euml; pushk&euml; automatike, korniza t&euml; shumta boshe p&euml;r nj&euml; automatik dhe nj&euml; karikator [&hellip;]<\/p>\n","protected":false},"author":2,"featured_media":38935,"comment_status":"open","ping_status":"closed","sticky":false,"template":"","format":"standard","meta":{"_monsterinsights_skip_tracking":false,"_monsterinsights_sitenote_active":false,"_monsterinsights_sitenote_note":"","_monsterinsights_sitenote_category":0,"footnotes":""},"categories":[1],"tags":[],"class_list":["post-38934","post","type-post","status-publish","format-standard","has-post-thumbnail","hentry","category-vendi"],"_links":{"self":[{"href":"https:\/\/radiojehona.mk\/index.php?rest_route=\/wp\/v2\/posts\/38934","targetHints":{"allow":["GET"]}}],"collection":[{"href":"https:\/\/radiojehona.mk\/index.php?rest_route=\/wp\/v2\/posts"}],"about":[{"href":"https:\/\/radiojehona.mk\/index.php?rest_route=\/wp\/v2\/types\/post"}],"author":[{"embeddable":true,"href":"https:\/\/radiojehona.mk\/index.php?rest_route=\/wp\/v2\/users\/2"}],"replies":[{"embeddable":true,"href":"https:\/\/radiojehona.mk\/index.php?rest_route=%2Fwp%2Fv2%2Fcomments&post=38934"}],"version-history":[{"count":2,"href":"https:\/\/radiojehona.mk\/index.php?rest_route=\/wp\/v2\/posts\/38934\/revisions"}],"predecessor-version":[{"id":38991,"href":"https:\/\/radiojehona.mk\/index.php?rest_route=\/wp\/v2\/posts\/38934\/revisions\/38991"}],"wp:featuredmedia":[{"embeddable":true,"href":"https:\/\/radiojehona.mk\/index.php?rest_route=\/wp\/v2\/media\/38935"}],"wp:attachment":[{"href":"https:\/\/radiojehona.mk\/index.php?rest_route=%2Fwp%2Fv2%2Fmedia&parent=38934"}],"wp:term":[{"taxonomy":"category","embeddable":true,"href":"https:\/\/radiojehona.mk\/index.php?rest_route=%2Fwp%2Fv2%2Fcategories&post=38934"},{"taxonomy":"post_tag","embeddable":true,"href":"https:\/\/radiojehona.mk\/index.php?rest_route=%2Fwp%2Fv2%2Ftags&post=38934"}],"curies":[{"name":"wp","href":"https:\/\/api.w.org\/{rel}","templated":true}]}}