{"id":38931,"date":"2024-12-18T09:25:17","date_gmt":"2024-12-18T09:25:17","guid":{"rendered":"https:\/\/radiojehona.com\/?p=38931"},"modified":"2024-12-18T09:25:17","modified_gmt":"2024-12-18T09:25:17","slug":"prokuroria-e-shkupit-kerkon-fletarrestim-nderkombetar-per-artan-grubin","status":"publish","type":"post","link":"https:\/\/radiojehona.mk\/?p=38931","title":{"rendered":"Prokuroria e Shkupit k\u00ebrkon fletarrestim nd\u00ebrkomb\u00ebtar p\u00ebr Artan Grubin"},"content":{"rendered":"\n<figure class=\"wp-block-image size-large\"><img fetchpriority=\"high\" decoding=\"async\" width=\"1024\" height=\"702\" src=\"https:\/\/radiojehona.com\/wp-content\/uploads\/2024\/12\/IMG_9908-1024x702.jpeg\" alt=\"\" class=\"wp-image-38932\" srcset=\"https:\/\/radiojehona.mk\/wp-content\/uploads\/2024\/12\/IMG_9908-1024x702.jpeg 1024w, https:\/\/radiojehona.mk\/wp-content\/uploads\/2024\/12\/IMG_9908-300x206.jpeg 300w, https:\/\/radiojehona.mk\/wp-content\/uploads\/2024\/12\/IMG_9908-768x526.jpeg 768w, https:\/\/radiojehona.mk\/wp-content\/uploads\/2024\/12\/IMG_9908.jpeg 1125w\" sizes=\"(max-width: 1024px) 100vw, 1024px\" \/><\/figure>\n\n\n\n<p>Prokuror\u00ebt kan\u00eb k\u00ebrkuar fletarrestime nd\u00ebrkomb\u00ebtare p\u00ebr ish-z\u00ebvend\u00ebskryeministrin e Maqedonis\u00eb s\u00eb Veriut, Artan Grubin, dhe ish-drejtorin e Lotaris\u00eb Shtet\u00ebrore, P\u00ebrparim Bajrami, t\u00eb cil\u00ebt jan\u00eb duke u hetuar n\u00eb nj\u00eb rast p\u00ebr p\u00ebrvet\u00ebsim t\u00eb pasuris\u00eb s\u00eb paligjshme.<\/p>\n\n\n\n<p>K\u00ebrkesa e prokuror\u00ebve vjen pasi Gjykata Themelore e Shkupit urdh\u00ebroi 30 dit\u00eb paraburgim p\u00ebr Grubin dhe Bajramin.<\/p>\n\n\n\n<p>Prokuror\u00ebt besojn\u00eb se Grubi dhe Bajrami jan\u00eb t\u00eb \u201cpakapsh\u00ebm p\u00ebr autoritetet\u201d n\u00eb lidhje me hetimet n\u00eb fjal\u00eb, pasi besohet se ata jan\u00eb larguar nga vendi.<\/p>\n\n\n\n<p>Prokuroria Themelore Publike n\u00eb Shkup tha n\u00eb nj\u00eb komunikat\u00eb se do t\u2019i k\u00ebrkoj\u00eb Ministris\u00eb s\u00eb Pun\u00ebve t\u00eb Brendshme t\u00eb Maqedonis\u00eb s\u00eb Veriut publikimin e fletarrestimeve komb\u00ebtare dhe nj\u00eb deklarat\u00eb p\u00ebr l\u00ebshimin e fletarrestimeve nd\u00ebrkomb\u00ebtare p\u00ebr Grubin dhe Bajramin.<\/p>\n\n\n\n<p>Sipas Prokuroris\u00eb, Grubi, si i dyshuar i dyt\u00eb n\u00eb k\u00ebt\u00eb rast, akuzohet se ka leht\u00ebsuar nj\u00eb procedur\u00eb t\u00eb paligjshme p\u00ebr furnizimin me terminale (VLT), pavar\u00ebsisht njohurive se Lotaria Shtet\u00ebrore nuk kishte t\u00eb drejt\u00eb t\u00eb organizonte n\u00eb m\u00ebnyr\u00eb t\u00eb pavarur loj\u00ebra elektronike t\u00eb fatit, brenda territorit t\u00eb Maqedonis\u00eb s\u00eb Veriut.<\/p>\n\n\n\n<p>Sipas Prokuroris\u00eb, d\u00ebmi i shkaktuar n\u00eb Lotarin\u00eb Shtet\u00ebrore kap vler\u00ebn e rreth 8.2 milion\u00eb eurove.<\/p>\n\n\n\n<p>Grubi dhe Bajrami rrezikojn\u00eb d\u00ebnime me burg deri n\u00eb pes\u00eb vjet n\u00ebse shpallen fajtor\u00eb.<\/p>\n\n\n\n<p>Policia i bastisi sht\u00ebpit\u00eb e Grubit dhe Bajramit dit\u00eb m\u00eb par\u00eb, megjithat\u00eb ata nuk u gjet\u00ebn n\u00eb sht\u00ebpi n\u00eb at\u00eb koh\u00eb.<\/p>\n\n\n\n<p>Kryeministri i Maqedonis\u00eb s\u00eb Veriut, Hristijan Mickoski, tha dit\u00eb m\u00eb par\u00eb se Grubi, s\u00eb bashku me nj\u00eb biznesmen, jan\u00eb larguar nga Maqedonia e Veriut drejt Kosov\u00ebs, m\u00eb 15 dhjetor, me nj\u00eb vetur\u00eb me targa diplomatike, kurse p\u00ebr Bajramin, tha se \u201c ai p\u00ebr nj\u00eb koh\u00eb t\u00eb gjat\u00eb \u00ebsht\u00eb jasht\u00eb territorit t\u00eb Maqedonis\u00eb s\u00eb Veriut\u201d.<\/p>\n\n\n\n<p>Grubi, i cili rishtazi u fut n\u00eb list\u00ebn e z\u00ebz\u00eb t\u00eb SHBA-s\u00eb p\u00ebr korrupsion, e ka mohuar se ka ikur nga vendi, duke th\u00ebn\u00eb se ndodhet jasht\u00eb vendit \u201cp\u00ebr nj\u00eb vizit\u00eb private\u201d.<\/p>\n\n\n\n<p>Nd\u00ebrkoh\u00eb, Ministria e Pun\u00ebve t\u00eb Brendshme (MPB) njoftoi t\u00eb mart\u00ebn pasdite se m\u00eb 13 dhjetor u ngrit\u00ebn padi penale edhe ndaj gjasht\u00eb personave t\u00eb tjer\u00eb, t\u00eb dyshuar p\u00ebr veprat \u2013 \u201ckeqp\u00ebrdorim t\u00eb pozit\u00ebs dhe autoritetit zyrtar\u201d, \u201cmarrje ryshfeti\u201d, dhe \u201ckeqp\u00ebrdorim t\u00eb procedur\u00ebs p\u00ebr thirrje publike, ndarje t\u00eb marr\u00ebveshjeve p\u00ebr furnizim publik ose partneritet publik-privat\u201d, n\u00eb lidhje me rastin e Lotaris\u00eb Shtet\u00ebrore t\u00eb Maqedonis\u00eb s\u00eb Veriut.<\/p>\n\n\n\n<p>N\u00eb mesin e t\u00eb dyshuarve jan\u00eb edhe ish-kryeministri dhe ish-lideri i Lidhjes Socialdemokrate t\u00eb Maqedonis\u00eb (LSDM), Dimitar Kova\u00e7evski, si dhe ish-sekretari i p\u00ebrgjithsh\u00ebm i Qeveris\u00eb, Metodija Dimovski, t\u00eb cil\u00ebt akuzohen p\u00ebr \u201ckeqp\u00ebrdorim t\u00eb pozit\u00ebs dhe autoritetit zyrtar\u201d.\/rel<\/p>\n","protected":false},"excerpt":{"rendered":"<p>Prokuror&euml;t kan&euml; k&euml;rkuar fletarrestime nd&euml;rkomb&euml;tare p&euml;r ish-z&euml;vend&euml;skryeministrin e Maqedonis&euml; s&euml; Veriut, Artan Grubin, dhe ish-drejtorin e Lotaris&euml; Shtet&euml;rore, P&euml;rparim Bajrami, t&euml; cil&euml;t jan&euml; duke u hetuar n&euml; nj&euml; rast p&euml;r p&euml;rvet&euml;sim t&euml; pasuris&euml; s&euml; paligjshme. K&euml;rkesa e prokuror&euml;ve vjen pasi Gjykata Themelore e Shkupit urdh&euml;roi 30 dit&euml; paraburgim p&euml;r Grubin dhe Bajramin. Prokuror&euml;t besojn&euml; se [&hellip;]<\/p>\n","protected":false},"author":2,"featured_media":38932,"comment_status":"open","ping_status":"closed","sticky":false,"template":"","format":"standard","meta":{"_monsterinsights_skip_tracking":false,"_monsterinsights_sitenote_active":false,"_monsterinsights_sitenote_note":"","_monsterinsights_sitenote_category":0,"footnotes":""},"categories":[1],"tags":[],"class_list":["post-38931","post","type-post","status-publish","format-standard","has-post-thumbnail","hentry","category-vendi"],"_links":{"self":[{"href":"https:\/\/radiojehona.mk\/index.php?rest_route=\/wp\/v2\/posts\/38931","targetHints":{"allow":["GET"]}}],"collection":[{"href":"https:\/\/radiojehona.mk\/index.php?rest_route=\/wp\/v2\/posts"}],"about":[{"href":"https:\/\/radiojehona.mk\/index.php?rest_route=\/wp\/v2\/types\/post"}],"author":[{"embeddable":true,"href":"https:\/\/radiojehona.mk\/index.php?rest_route=\/wp\/v2\/users\/2"}],"replies":[{"embeddable":true,"href":"https:\/\/radiojehona.mk\/index.php?rest_route=%2Fwp%2Fv2%2Fcomments&post=38931"}],"version-history":[{"count":1,"href":"https:\/\/radiojehona.mk\/index.php?rest_route=\/wp\/v2\/posts\/38931\/revisions"}],"predecessor-version":[{"id":38933,"href":"https:\/\/radiojehona.mk\/index.php?rest_route=\/wp\/v2\/posts\/38931\/revisions\/38933"}],"wp:featuredmedia":[{"embeddable":true,"href":"https:\/\/radiojehona.mk\/index.php?rest_route=\/wp\/v2\/media\/38932"}],"wp:attachment":[{"href":"https:\/\/radiojehona.mk\/index.php?rest_route=%2Fwp%2Fv2%2Fmedia&parent=38931"}],"wp:term":[{"taxonomy":"category","embeddable":true,"href":"https:\/\/radiojehona.mk\/index.php?rest_route=%2Fwp%2Fv2%2Fcategories&post=38931"},{"taxonomy":"post_tag","embeddable":true,"href":"https:\/\/radiojehona.mk\/index.php?rest_route=%2Fwp%2Fv2%2Ftags&post=38931"}],"curies":[{"name":"wp","href":"https:\/\/api.w.org\/{rel}","templated":true}]}}