{"id":38927,"date":"2024-12-18T09:20:21","date_gmt":"2024-12-18T09:20:21","guid":{"rendered":"https:\/\/radiojehona.com\/?p=38927"},"modified":"2024-12-18T09:20:21","modified_gmt":"2024-12-18T09:20:21","slug":"panel-diskutim-diskriminimi-dhe-shprehja-e-urrejtjes-ne-media-dhe-komunikim-publik","status":"publish","type":"post","link":"https:\/\/radiojehona.mk\/?p=38927","title":{"rendered":"Panel-diskutim: \u201cDiskriminimi dhe shprehja e urrejtjes n\u00eb media dhe komunikim publik\u201d"},"content":{"rendered":"\n<figure class=\"wp-block-image size-large\"><img fetchpriority=\"high\" decoding=\"async\" width=\"1024\" height=\"346\" src=\"https:\/\/radiojehona.com\/wp-content\/uploads\/2024\/12\/IMG_9907-1024x346.jpeg\" alt=\"\" class=\"wp-image-38928\" srcset=\"https:\/\/radiojehona.mk\/wp-content\/uploads\/2024\/12\/IMG_9907-1024x346.jpeg 1024w, https:\/\/radiojehona.mk\/wp-content\/uploads\/2024\/12\/IMG_9907-300x101.jpeg 300w, https:\/\/radiojehona.mk\/wp-content\/uploads\/2024\/12\/IMG_9907-768x259.jpeg 768w, https:\/\/radiojehona.mk\/wp-content\/uploads\/2024\/12\/IMG_9907.jpeg 1125w\" sizes=\"(max-width: 1024px) 100vw, 1024px\" \/><\/figure>\n\n\n\n<p>Instituti p\u00ebr Media dhe Analitik\u00eb (IMA) sot organizon panel-diskutim me tem\u00ebn \u201cDiskriminimi dhe shprehja e urrejtjes n\u00eb media dhe komunikim publik\u201d.<\/p>\n\n\n\n<p>Si\u00e7 njoftoi organizatori, panelist\u00eb do t\u00eb jen\u00eb Limko Bejzaroski, kryetar i Komisionit p\u00ebr Parandalim dhe Mbrojtje nga Diskriminimi, Biljana Georgievska, drejtoresh\u00eb e K\u00ebshillit p\u00ebr Etik\u00eb n\u00eb Mediat e Maqedonis\u00eb, Sllavica Anastasovska nga Komiteti i Helsinkit p\u00ebr t\u00eb Drejtat e Njeriut dhe Sara Milenkovska nga koalicioni Margini.<\/p>\n\n\n\n<p>\u201cAta do t\u2019i prezantojn\u00eb rezultatet ky\u00e7e nga analizat e tyre mbi k\u00ebt\u00eb tem\u00eb. Pas prezantimeve t\u00eb panelist\u00ebve, \u00ebsht\u00eb parashikuar edhe diskutim me pjes\u00ebmarr\u00ebsit dhe t\u00eb pranishmit n\u00eb panel diskutim, njoftoi IMA.<\/p>\n","protected":false},"excerpt":{"rendered":"<p>Instituti p&euml;r Media dhe Analitik&euml; (IMA) sot organizon panel-diskutim me tem&euml;n &ldquo;Diskriminimi dhe shprehja e urrejtjes n&euml; media dhe komunikim publik&rdquo;. Si&ccedil; njoftoi organizatori, panelist&euml; do t&euml; jen&euml; Limko Bejzaroski, kryetar i Komisionit p&euml;r Parandalim dhe Mbrojtje nga Diskriminimi, Biljana Georgievska, drejtoresh&euml; e K&euml;shillit p&euml;r Etik&euml; n&euml; Mediat e Maqedonis&euml;, Sllavica Anastasovska nga Komiteti i [&hellip;]<\/p>\n","protected":false},"author":2,"featured_media":38928,"comment_status":"open","ping_status":"closed","sticky":false,"template":"","format":"standard","meta":{"_monsterinsights_skip_tracking":false,"_monsterinsights_sitenote_active":false,"_monsterinsights_sitenote_note":"","_monsterinsights_sitenote_category":0,"footnotes":""},"categories":[1],"tags":[],"class_list":["post-38927","post","type-post","status-publish","format-standard","has-post-thumbnail","hentry","category-vendi"],"_links":{"self":[{"href":"https:\/\/radiojehona.mk\/index.php?rest_route=\/wp\/v2\/posts\/38927","targetHints":{"allow":["GET"]}}],"collection":[{"href":"https:\/\/radiojehona.mk\/index.php?rest_route=\/wp\/v2\/posts"}],"about":[{"href":"https:\/\/radiojehona.mk\/index.php?rest_route=\/wp\/v2\/types\/post"}],"author":[{"embeddable":true,"href":"https:\/\/radiojehona.mk\/index.php?rest_route=\/wp\/v2\/users\/2"}],"replies":[{"embeddable":true,"href":"https:\/\/radiojehona.mk\/index.php?rest_route=%2Fwp%2Fv2%2Fcomments&post=38927"}],"version-history":[{"count":2,"href":"https:\/\/radiojehona.mk\/index.php?rest_route=\/wp\/v2\/posts\/38927\/revisions"}],"predecessor-version":[{"id":38930,"href":"https:\/\/radiojehona.mk\/index.php?rest_route=\/wp\/v2\/posts\/38927\/revisions\/38930"}],"wp:featuredmedia":[{"embeddable":true,"href":"https:\/\/radiojehona.mk\/index.php?rest_route=\/wp\/v2\/media\/38928"}],"wp:attachment":[{"href":"https:\/\/radiojehona.mk\/index.php?rest_route=%2Fwp%2Fv2%2Fmedia&parent=38927"}],"wp:term":[{"taxonomy":"category","embeddable":true,"href":"https:\/\/radiojehona.mk\/index.php?rest_route=%2Fwp%2Fv2%2Fcategories&post=38927"},{"taxonomy":"post_tag","embeddable":true,"href":"https:\/\/radiojehona.mk\/index.php?rest_route=%2Fwp%2Fv2%2Ftags&post=38927"}],"curies":[{"name":"wp","href":"https:\/\/api.w.org\/{rel}","templated":true}]}}