{"id":38924,"date":"2024-12-18T09:18:25","date_gmt":"2024-12-18T09:18:25","guid":{"rendered":"https:\/\/radiojehona.com\/?p=38924"},"modified":"2024-12-18T09:18:26","modified_gmt":"2024-12-18T09:18:26","slug":"taravari-uroj-tdp-ja-te-reflektoj-dhe-te-behet-se-shpejti-pjese-e-qeverise","status":"publish","type":"post","link":"https:\/\/radiojehona.mk\/?p=38924","title":{"rendered":"Taravari: Uroj TDP-ja t\u00eb reflektoj dhe t\u00eb b\u00ebhet s\u00eb shpejti pjes\u00eb e Qeveris\u00eb"},"content":{"rendered":"\n<figure class=\"wp-block-image size-large\"><img fetchpriority=\"high\" decoding=\"async\" width=\"1024\" height=\"654\" src=\"https:\/\/radiojehona.com\/wp-content\/uploads\/2024\/12\/IMG_9906-1024x654.jpeg\" alt=\"\" class=\"wp-image-38925\" srcset=\"https:\/\/radiojehona.mk\/wp-content\/uploads\/2024\/12\/IMG_9906-1024x654.jpeg 1024w, https:\/\/radiojehona.mk\/wp-content\/uploads\/2024\/12\/IMG_9906-300x192.jpeg 300w, https:\/\/radiojehona.mk\/wp-content\/uploads\/2024\/12\/IMG_9906-768x491.jpeg 768w, https:\/\/radiojehona.mk\/wp-content\/uploads\/2024\/12\/IMG_9906.jpeg 1125w\" sizes=\"(max-width: 1024px) 100vw, 1024px\" \/><\/figure>\n\n\n\n<p>Kryetari i Aleanc\u00ebs p\u00ebr Shqiptar\u00ebt dhe ministri i Sh\u00ebndet\u00ebsis\u00eb i pranish\u00ebm n\u00eb Kohacast tha se ata si Aleanc\u00eb p\u00ebr Shqiptar\u00ebt kan\u00eb qen\u00eb n\u00eb negociata edhe me TDP n\u00eb koalicionin ton\u00eb. T\u00eb ishin ata n\u00eb koalicionin VLEN, si\u00e7 tha Taravari, garantoi se VLEN do kishte 20.000 vota m\u00eb shum\u00eb se Fronti Evropian.<\/p>\n\n\n\n<p>\u201cPor TDP-ja vendosi t\u00eb shkoj me BDI-n\u00eb, \u00e7far\u00eb i ofruan ata q\u00eb ishte e parefuzueshme nga TDP-ja nuk e di. Por un\u00eb shpresoj dhe besoj se TDP-ja s\u00eb shpejti t\u00eb reflektoj dhe ta sheh se duhet t\u00eb jet\u00eb pjes\u00eb e Qeveris\u00eb\u201d, tha Taravari.<\/p>\n","protected":false},"excerpt":{"rendered":"<p>Kryetari i Aleanc&euml;s p&euml;r Shqiptar&euml;t dhe ministri i Sh&euml;ndet&euml;sis&euml; i pranish&euml;m n&euml; Kohacast tha se ata si Aleanc&euml; p&euml;r Shqiptar&euml;t kan&euml; qen&euml; n&euml; negociata edhe me TDP n&euml; koalicionin ton&euml;. T&euml; ishin ata n&euml; koalicionin VLEN, si&ccedil; tha Taravari, garantoi se VLEN do kishte 20.000 vota m&euml; shum&euml; se Fronti Evropian. &ldquo;Por TDP-ja vendosi t&euml; [&hellip;]<\/p>\n","protected":false},"author":2,"featured_media":38925,"comment_status":"open","ping_status":"closed","sticky":false,"template":"","format":"standard","meta":{"_monsterinsights_skip_tracking":false,"_monsterinsights_sitenote_active":false,"_monsterinsights_sitenote_note":"","_monsterinsights_sitenote_category":0,"footnotes":""},"categories":[1],"tags":[],"class_list":["post-38924","post","type-post","status-publish","format-standard","has-post-thumbnail","hentry","category-vendi"],"_links":{"self":[{"href":"https:\/\/radiojehona.mk\/index.php?rest_route=\/wp\/v2\/posts\/38924","targetHints":{"allow":["GET"]}}],"collection":[{"href":"https:\/\/radiojehona.mk\/index.php?rest_route=\/wp\/v2\/posts"}],"about":[{"href":"https:\/\/radiojehona.mk\/index.php?rest_route=\/wp\/v2\/types\/post"}],"author":[{"embeddable":true,"href":"https:\/\/radiojehona.mk\/index.php?rest_route=\/wp\/v2\/users\/2"}],"replies":[{"embeddable":true,"href":"https:\/\/radiojehona.mk\/index.php?rest_route=%2Fwp%2Fv2%2Fcomments&post=38924"}],"version-history":[{"count":1,"href":"https:\/\/radiojehona.mk\/index.php?rest_route=\/wp\/v2\/posts\/38924\/revisions"}],"predecessor-version":[{"id":38926,"href":"https:\/\/radiojehona.mk\/index.php?rest_route=\/wp\/v2\/posts\/38924\/revisions\/38926"}],"wp:featuredmedia":[{"embeddable":true,"href":"https:\/\/radiojehona.mk\/index.php?rest_route=\/wp\/v2\/media\/38925"}],"wp:attachment":[{"href":"https:\/\/radiojehona.mk\/index.php?rest_route=%2Fwp%2Fv2%2Fmedia&parent=38924"}],"wp:term":[{"taxonomy":"category","embeddable":true,"href":"https:\/\/radiojehona.mk\/index.php?rest_route=%2Fwp%2Fv2%2Fcategories&post=38924"},{"taxonomy":"post_tag","embeddable":true,"href":"https:\/\/radiojehona.mk\/index.php?rest_route=%2Fwp%2Fv2%2Ftags&post=38924"}],"curies":[{"name":"wp","href":"https:\/\/api.w.org\/{rel}","templated":true}]}}