{"id":38922,"date":"2024-12-18T00:42:11","date_gmt":"2024-12-18T00:42:11","guid":{"rendered":"https:\/\/radiojehona.com\/?p=38922"},"modified":"2024-12-18T00:42:12","modified_gmt":"2024-12-18T00:42:12","slug":"ajo-do-djalin-ai-sdo-ta-takoje-elton-ilirjani-thote-se-ka-frike-se-parashqevi-do-te-ik","status":"publish","type":"post","link":"https:\/\/radiojehona.mk\/?p=38922","title":{"rendered":"\u201cAjo do djalin, ai s\u2019do ta takoj\u00eb\u201d, Elton Ilirjani thot\u00eb se ka frik\u00eb se Parashqevi do t\u00eb ik"},"content":{"rendered":"\n<figure class=\"wp-block-image size-large\"><img fetchpriority=\"high\" decoding=\"async\" width=\"1024\" height=\"529\" src=\"https:\/\/radiojehona.com\/wp-content\/uploads\/2024\/12\/IMG_9866-1024x529.jpeg\" alt=\"\" class=\"wp-image-38727\" srcset=\"https:\/\/radiojehona.mk\/wp-content\/uploads\/2024\/12\/IMG_9866-1024x529.jpeg 1024w, https:\/\/radiojehona.mk\/wp-content\/uploads\/2024\/12\/IMG_9866-300x155.jpeg 300w, https:\/\/radiojehona.mk\/wp-content\/uploads\/2024\/12\/IMG_9866-768x397.jpeg 768w, https:\/\/radiojehona.mk\/wp-content\/uploads\/2024\/12\/IMG_9866.jpeg 1125w\" sizes=\"(max-width: 1024px) 100vw, 1024px\" \/><\/figure>\n\n\n\n<p>Biznesmeni shqiptar Elton Ilirjani, i cili jeton prej vitesh n\u00eb Shtetet e Bashkuara t\u00eb Amerik\u00ebs ka arritur t\u00eb takohet me ikon\u00ebn muzik\u00ebs shqipe, Parashqevi Simaku.<\/p>\n\n\n\n<p>P\u00ebrpara pak dit\u00ebsh me an\u00eb t\u00eb nj\u00eb posti n\u00eb rrjetin e tij social, Ilirjani ndau p\u00ebr her\u00eb t\u00eb par\u00eb nj\u00eb foto duke u p\u00ebrqafuar me Simakun dhe q\u00eb prej atij takimi, ai tashm\u00eb ka marr\u00eb n\u00ebn krah\u00ebt e tij artisten e mir\u00ebnjohur.<\/p>\n\n\n\n<p>N\u00eb pamund\u00ebsi t\u00eb nj\u00eb lidhje telefonike me emisionin \u201cNdryshe\u201d n\u00eb Top Albania Radio, Elton Ilirjani arriti t\u00eb d\u00ebrgonte disa mesazhe zanore, ku shprehu emocionet e tij p\u00ebr k\u00ebt\u00eb ngjarje dhe ndjesit\u00eb e Parashqevis\u00eb nga ky ndryshim i papritur n\u00eb jet\u00ebn e saj. Edhe p\u00ebr ne d\u00ebgjuesit ishin disa minuta shum\u00eb t\u00eb trishta, ku edhe vet\u00eb Ilirjani dhe moderator\u00ebt n\u00eb studio jan\u00eb p\u00ebrlotur.<\/p>\n\n\n\n<p><strong>Mesazhi i tij zanor vijon si m\u00eb posht\u00eb:<\/strong><\/p>\n\n\n\n<p><em>Elona e dashur, kemi kaluar tri dit\u00eb shum\u00eb t\u00eb v\u00ebshtira. Dy net\u00eb pa gjum\u00eb. Sot q\u00eb arrita t\u00eb fle pak, ajo ka pasur kriz\u00eb. Nuk duhet t\u00eb kishte d\u00ebgjuar asgj\u00eb nga k\u00ebto q\u00eb foli Osman Mula e shok\u00eb. Nuk e di dometh\u00ebn\u00eb. \u00cbsht\u00eb keq. Nuk pranon. Po qan. Kam frik\u00eb se do t\u00eb na iki prap\u00eb. Jam shum\u00eb i trishtuar. Nuk di \u00e7far\u00eb t\u00eb b\u00ebj. Nuk jan\u00eb \u00e7\u00ebshtje lek\u00ebsh. \u00cbsht\u00eb \u00e7\u00ebshtja q\u00eb ajo do djalin. Djali s\u2019do ta takoj\u00eb. Nuk e di. \u00cbsht\u00eb nj\u00eb tragjedi e madhe. Nuk e di pse u gjenda k\u00ebtu n\u00eb mes t\u00eb gjith\u00eb k\u00ebsaj. S\u2019di si t\u00eb sillem. S\u2019di \u00e7far\u00eb t\u00eb b\u00ebj. Thjesht i lutem Zotit q\u00eb ajo t\u00eb mos iki.<\/em><\/p>\n","protected":false},"excerpt":{"rendered":"<p>Biznesmeni shqiptar Elton Ilirjani, i cili jeton prej vitesh n&euml; Shtetet e Bashkuara t&euml; Amerik&euml;s ka arritur t&euml; takohet me ikon&euml;n muzik&euml;s shqipe, Parashqevi Simaku. P&euml;rpara pak dit&euml;sh me an&euml; t&euml; nj&euml; posti n&euml; rrjetin e tij social, Ilirjani ndau p&euml;r her&euml; t&euml; par&euml; nj&euml; foto duke u p&euml;rqafuar me Simakun dhe q&euml; prej atij [&hellip;]<\/p>\n","protected":false},"author":2,"featured_media":38727,"comment_status":"open","ping_status":"closed","sticky":false,"template":"","format":"standard","meta":{"_monsterinsights_skip_tracking":false,"_monsterinsights_sitenote_active":false,"_monsterinsights_sitenote_note":"","_monsterinsights_sitenote_category":0,"footnotes":""},"categories":[573],"tags":[],"class_list":["post-38922","post","type-post","status-publish","format-standard","has-post-thumbnail","hentry","category-lifestyle"],"_links":{"self":[{"href":"https:\/\/radiojehona.mk\/index.php?rest_route=\/wp\/v2\/posts\/38922","targetHints":{"allow":["GET"]}}],"collection":[{"href":"https:\/\/radiojehona.mk\/index.php?rest_route=\/wp\/v2\/posts"}],"about":[{"href":"https:\/\/radiojehona.mk\/index.php?rest_route=\/wp\/v2\/types\/post"}],"author":[{"embeddable":true,"href":"https:\/\/radiojehona.mk\/index.php?rest_route=\/wp\/v2\/users\/2"}],"replies":[{"embeddable":true,"href":"https:\/\/radiojehona.mk\/index.php?rest_route=%2Fwp%2Fv2%2Fcomments&post=38922"}],"version-history":[{"count":1,"href":"https:\/\/radiojehona.mk\/index.php?rest_route=\/wp\/v2\/posts\/38922\/revisions"}],"predecessor-version":[{"id":38923,"href":"https:\/\/radiojehona.mk\/index.php?rest_route=\/wp\/v2\/posts\/38922\/revisions\/38923"}],"wp:featuredmedia":[{"embeddable":true,"href":"https:\/\/radiojehona.mk\/index.php?rest_route=\/wp\/v2\/media\/38727"}],"wp:attachment":[{"href":"https:\/\/radiojehona.mk\/index.php?rest_route=%2Fwp%2Fv2%2Fmedia&parent=38922"}],"wp:term":[{"taxonomy":"category","embeddable":true,"href":"https:\/\/radiojehona.mk\/index.php?rest_route=%2Fwp%2Fv2%2Fcategories&post=38922"},{"taxonomy":"post_tag","embeddable":true,"href":"https:\/\/radiojehona.mk\/index.php?rest_route=%2Fwp%2Fv2%2Ftags&post=38922"}],"curies":[{"name":"wp","href":"https:\/\/api.w.org\/{rel}","templated":true}]}}