{"id":38919,"date":"2024-12-17T20:14:51","date_gmt":"2024-12-17T20:14:51","guid":{"rendered":"https:\/\/radiojehona.com\/?p=38919"},"modified":"2024-12-17T20:14:51","modified_gmt":"2024-12-17T20:14:51","slug":"30-dite-paraburgim-per-artan-grubin-dhe-perparim-bajramin","status":"publish","type":"post","link":"https:\/\/radiojehona.mk\/?p=38919","title":{"rendered":"30 dit\u00eb paraburgim p\u00ebr Artan Grubin dhe P\u00ebrparim Bajramin"},"content":{"rendered":"\n<figure class=\"wp-block-image size-large\"><img fetchpriority=\"high\" decoding=\"async\" width=\"1024\" height=\"717\" src=\"https:\/\/radiojehona.com\/wp-content\/uploads\/2024\/12\/IMG_9900-1024x717.jpeg\" alt=\"\" class=\"wp-image-38920\" srcset=\"https:\/\/radiojehona.mk\/wp-content\/uploads\/2024\/12\/IMG_9900-1024x717.jpeg 1024w, https:\/\/radiojehona.mk\/wp-content\/uploads\/2024\/12\/IMG_9900-300x210.jpeg 300w, https:\/\/radiojehona.mk\/wp-content\/uploads\/2024\/12\/IMG_9900-768x538.jpeg 768w, https:\/\/radiojehona.mk\/wp-content\/uploads\/2024\/12\/IMG_9900.jpeg 1125w\" sizes=\"(max-width: 1024px) 100vw, 1024px\" \/><\/figure>\n\n\n\n<p>Gjykata Penale pranoi propozimin e Prokuroris\u00eb dhe i caktoi paraburgim 30 ditor\u00eb ish zv.kryeministrit Artan Grubi dhe ish drejtorit t\u00eb Lotaris\u00eb Shtet\u00ebrore, P\u00ebrparim Bajrami. N\u00eb momentin q\u00eb do t\u00eb jen\u00eb t\u00eb kapsh\u00ebm p\u00ebr organet e rendit Grubi dhe Bajrami do t\u00eb d\u00ebrgohen n\u00eb burg.<\/p>\n\n\n\n<p>\u201cPas informimit t\u00eb MPB-s\u00eb se dy personat p\u00ebr t\u00eb cil\u00ebt Prokuroria propozoi paraburgim, nd\u00ebrsa kan\u00eb t\u00eb b\u00ebjn\u00eb me hetimin p\u00ebr Lotarin\u00eb Shtet\u00ebrore jan\u00eb t\u00eb pakapsh\u00ebm p\u00ebr organet e rendit, mori vendim p\u00ebr pranimin e propozimit dhe caktoi mas\u00ebn e paraburgimit 30 ditor\u00eb p\u00ebr shkak t\u00eb ekzistimit t\u00eb bazave nga neni 165\u201d, thon\u00eb nga Gjykata Penale.<\/p>\n","protected":false},"excerpt":{"rendered":"<p>Gjykata Penale pranoi propozimin e Prokuroris&euml; dhe i caktoi paraburgim 30 ditor&euml; ish zv.kryeministrit Artan Grubi dhe ish drejtorit t&euml; Lotaris&euml; Shtet&euml;rore, P&euml;rparim Bajrami. N&euml; momentin q&euml; do t&euml; jen&euml; t&euml; kapsh&euml;m p&euml;r organet e rendit Grubi dhe Bajrami do t&euml; d&euml;rgohen n&euml; burg. &ldquo;Pas informimit t&euml; MPB-s&euml; se dy personat p&euml;r t&euml; cil&euml;t Prokuroria [&hellip;]<\/p>\n","protected":false},"author":2,"featured_media":38920,"comment_status":"open","ping_status":"closed","sticky":false,"template":"","format":"standard","meta":{"_monsterinsights_skip_tracking":false,"_monsterinsights_sitenote_active":false,"_monsterinsights_sitenote_note":"","_monsterinsights_sitenote_category":0,"footnotes":""},"categories":[1],"tags":[],"class_list":["post-38919","post","type-post","status-publish","format-standard","has-post-thumbnail","hentry","category-vendi"],"_links":{"self":[{"href":"https:\/\/radiojehona.mk\/index.php?rest_route=\/wp\/v2\/posts\/38919","targetHints":{"allow":["GET"]}}],"collection":[{"href":"https:\/\/radiojehona.mk\/index.php?rest_route=\/wp\/v2\/posts"}],"about":[{"href":"https:\/\/radiojehona.mk\/index.php?rest_route=\/wp\/v2\/types\/post"}],"author":[{"embeddable":true,"href":"https:\/\/radiojehona.mk\/index.php?rest_route=\/wp\/v2\/users\/2"}],"replies":[{"embeddable":true,"href":"https:\/\/radiojehona.mk\/index.php?rest_route=%2Fwp%2Fv2%2Fcomments&post=38919"}],"version-history":[{"count":1,"href":"https:\/\/radiojehona.mk\/index.php?rest_route=\/wp\/v2\/posts\/38919\/revisions"}],"predecessor-version":[{"id":38921,"href":"https:\/\/radiojehona.mk\/index.php?rest_route=\/wp\/v2\/posts\/38919\/revisions\/38921"}],"wp:featuredmedia":[{"embeddable":true,"href":"https:\/\/radiojehona.mk\/index.php?rest_route=\/wp\/v2\/media\/38920"}],"wp:attachment":[{"href":"https:\/\/radiojehona.mk\/index.php?rest_route=%2Fwp%2Fv2%2Fmedia&parent=38919"}],"wp:term":[{"taxonomy":"category","embeddable":true,"href":"https:\/\/radiojehona.mk\/index.php?rest_route=%2Fwp%2Fv2%2Fcategories&post=38919"},{"taxonomy":"post_tag","embeddable":true,"href":"https:\/\/radiojehona.mk\/index.php?rest_route=%2Fwp%2Fv2%2Ftags&post=38919"}],"curies":[{"name":"wp","href":"https:\/\/api.w.org\/{rel}","templated":true}]}}