{"id":38897,"date":"2024-12-17T13:56:50","date_gmt":"2024-12-17T13:56:50","guid":{"rendered":"https:\/\/radiojehona.com\/?p=38897"},"modified":"2024-12-17T13:56:50","modified_gmt":"2024-12-17T13:56:50","slug":"flet-per-here-te-pare-edona-llalloshi-ja-pse-u-futa-ne-politike","status":"publish","type":"post","link":"https:\/\/radiojehona.mk\/?p=38897","title":{"rendered":"Flet p\u00ebr her\u00eb t\u00eb par\u00eb Edona Llalloshi, ja pse u futa n\u00eb politik\u00eb"},"content":{"rendered":"\n<figure class=\"wp-block-image size-full\"><img fetchpriority=\"high\" decoding=\"async\" width=\"585\" height=\"306\" src=\"https:\/\/radiojehona.com\/wp-content\/uploads\/2024\/12\/IMG_3051.png\" alt=\"\" class=\"wp-image-38898\" srcset=\"https:\/\/radiojehona.mk\/wp-content\/uploads\/2024\/12\/IMG_3051.png 585w, https:\/\/radiojehona.mk\/wp-content\/uploads\/2024\/12\/IMG_3051-300x157.png 300w\" sizes=\"(max-width: 585px) 100vw, 585px\" \/><\/figure>\n\n\n\n<p><strong>Nj\u00eb nga aderimet m\u00eb bafesuese t\u00eb listave zgjedhore e politike, padyshim se ka qen\u00eb kalimi i Edona Llalloshit dhe futja e saj n\u00eb list\u00ebn e kandidat\u00ebve p\u00ebr deputet\u00eb n\u00eb zgjedhjet e 9 shkurtit.<\/strong><\/p>\n\n\n\n<p>K\u00ebng\u00ebtarja e famshme shqiptare ka folur p\u00ebr her\u00eb t\u00eb par\u00eb p\u00ebr futjen e saj n\u00eb politik\u00eb n\u00eb nj\u00eb intervist\u00eb ekskluzive dh\u00ebn\u00eb p\u00ebr Indeksonline. Edona ka th\u00ebn\u00eb se ftesa ka ardhur n\u00eb momentin e fundit dhe se deri at\u00ebher\u00eb kurr\u00eb s\u2019e kishte menduar futjen n\u00eb politik\u00eb. \u201cM\u00eb bindi Albulena Haxhiu\u201d ka th\u00ebn\u00eb Edona Llalloshi.<\/p>\n\n\n\n<p>Roli i gruas n\u00eb shoq\u00ebri do t\u00eb jet\u00eb nj\u00eb nga angazhimet kryesore si deputete e mundshme n\u00eb parlamentin e Kosov\u00ebs. Angazhimi i Edon\u00ebs n\u00eb politik\u00eb nuk pritet t\u00eb ndikoi n\u00eb r\u00ebnien e ritmit t\u00eb saj n\u00eb karrier\u00ebn muzikore. K\u00ebng\u00ebtarja ka th\u00ebn\u00eb se ajo identifikohet me muzik\u00eb dhe do t\u00eb p\u00ebrpiqet t\u00eb jep kontributin n\u00eb t\u00eb gjitha fushat.<\/p>\n\n\n\n<p>Para se t\u00eb nis fushat\u00ebn elektorale, Edona Llalloshi ka th\u00ebn\u00eb se do t\u00eb ket\u00eb angazhime t\u00eb shumta p\u00ebr fundvit.<\/p>\n\n\n\n<p>P\u00ebr m\u00eb shum\u00eb, mund t\u00eb ndiqni intervist\u00ebn e par\u00eb t\u00eb saj dh\u00ebn\u00eb p\u00ebr media pas kandidimit p\u00ebr deputete.\/Gazeta10<\/p>\n\n\n\n<p><\/p>\n","protected":false},"excerpt":{"rendered":"<p>Nj&euml; nga aderimet m&euml; bafesuese t&euml; listave zgjedhore e politike, padyshim se ka qen&euml; kalimi i Edona Llalloshit dhe futja e saj n&euml; list&euml;n e kandidat&euml;ve p&euml;r deputet&euml; n&euml; zgjedhjet e 9 shkurtit. K&euml;ng&euml;tarja e famshme shqiptare ka folur p&euml;r her&euml; t&euml; par&euml; p&euml;r futjen e saj n&euml; politik&euml; n&euml; nj&euml; intervist&euml; ekskluzive dh&euml;n&euml; p&euml;r [&hellip;]<\/p>\n","protected":false},"author":2,"featured_media":38898,"comment_status":"open","ping_status":"closed","sticky":false,"template":"","format":"standard","meta":{"_monsterinsights_skip_tracking":false,"_monsterinsights_sitenote_active":false,"_monsterinsights_sitenote_note":"","_monsterinsights_sitenote_category":0,"footnotes":""},"categories":[7],"tags":[],"class_list":["post-38897","post","type-post","status-publish","format-standard","has-post-thumbnail","hentry","category-showbizz"],"_links":{"self":[{"href":"https:\/\/radiojehona.mk\/index.php?rest_route=\/wp\/v2\/posts\/38897","targetHints":{"allow":["GET"]}}],"collection":[{"href":"https:\/\/radiojehona.mk\/index.php?rest_route=\/wp\/v2\/posts"}],"about":[{"href":"https:\/\/radiojehona.mk\/index.php?rest_route=\/wp\/v2\/types\/post"}],"author":[{"embeddable":true,"href":"https:\/\/radiojehona.mk\/index.php?rest_route=\/wp\/v2\/users\/2"}],"replies":[{"embeddable":true,"href":"https:\/\/radiojehona.mk\/index.php?rest_route=%2Fwp%2Fv2%2Fcomments&post=38897"}],"version-history":[{"count":2,"href":"https:\/\/radiojehona.mk\/index.php?rest_route=\/wp\/v2\/posts\/38897\/revisions"}],"predecessor-version":[{"id":38900,"href":"https:\/\/radiojehona.mk\/index.php?rest_route=\/wp\/v2\/posts\/38897\/revisions\/38900"}],"wp:featuredmedia":[{"embeddable":true,"href":"https:\/\/radiojehona.mk\/index.php?rest_route=\/wp\/v2\/media\/38898"}],"wp:attachment":[{"href":"https:\/\/radiojehona.mk\/index.php?rest_route=%2Fwp%2Fv2%2Fmedia&parent=38897"}],"wp:term":[{"taxonomy":"category","embeddable":true,"href":"https:\/\/radiojehona.mk\/index.php?rest_route=%2Fwp%2Fv2%2Fcategories&post=38897"},{"taxonomy":"post_tag","embeddable":true,"href":"https:\/\/radiojehona.mk\/index.php?rest_route=%2Fwp%2Fv2%2Ftags&post=38897"}],"curies":[{"name":"wp","href":"https:\/\/api.w.org\/{rel}","templated":true}]}}