{"id":38893,"date":"2024-12-17T13:55:25","date_gmt":"2024-12-17T13:55:25","guid":{"rendered":"https:\/\/radiojehona.com\/?p=38893"},"modified":"2024-12-17T13:55:25","modified_gmt":"2024-12-17T13:55:25","slug":"kercenimi-per-shendetin-nga-zakoni-i-futjes-se-gishtave-ne-hunde","status":"publish","type":"post","link":"https:\/\/radiojehona.mk\/?p=38893","title":{"rendered":"K\u00ebrc\u00ebnimi p\u00ebr sh\u00ebndetin nga zakoni i futjes s\u00eb gishtave n\u00eb hund\u00eb"},"content":{"rendered":"\n<figure class=\"wp-block-image size-full\"><img fetchpriority=\"high\" decoding=\"async\" width=\"800\" height=\"450\" src=\"https:\/\/radiojehona.com\/wp-content\/uploads\/2024\/12\/Kercenimi-per-shendetin-nga-zakoni-i-futjes-se-gishtave-ne-hunde.jpg\" alt=\"\" class=\"wp-image-38894\" srcset=\"https:\/\/radiojehona.mk\/wp-content\/uploads\/2024\/12\/Kercenimi-per-shendetin-nga-zakoni-i-futjes-se-gishtave-ne-hunde.jpg 800w, https:\/\/radiojehona.mk\/wp-content\/uploads\/2024\/12\/Kercenimi-per-shendetin-nga-zakoni-i-futjes-se-gishtave-ne-hunde-300x169.jpg 300w, https:\/\/radiojehona.mk\/wp-content\/uploads\/2024\/12\/Kercenimi-per-shendetin-nga-zakoni-i-futjes-se-gishtave-ne-hunde-768x432.jpg 768w\" sizes=\"(max-width: 800px) 100vw, 800px\" \/><\/figure>\n\n\n\n<p><strong>Njer\u00ebzit q\u00eb fusin gishtat n\u00eb hund\u00eb mund t\u00eb rrezikojn\u00eb sh\u00ebndetin.<\/strong><\/p>\n\n\n\n<p>Edhe pse mund t\u00eb duket si nj\u00eb zakon i pad\u00ebmsh\u00ebm dhe i bezdissh\u00ebm, ky aktivitet i duket t\u00eb jet\u00eb m\u00eb serioz se sa mendohej m\u00eb par\u00eb. Studiuesit kan\u00eb zbuluar se ky zakon jo vet\u00ebm q\u00eb sjell shqet\u00ebsime higjienike, por gjithashtu mund t\u00eb jet\u00eb i lidhur me probleme t\u00eb r\u00ebnda sh\u00ebndet\u00ebsore, p\u00ebrfshir\u00eb rreziqe p\u00ebr kujtes\u00ebn. Nj\u00eb hulumtim i fundit ka dal\u00eb n\u00eb p\u00ebrfundimin se futja e gishtave n\u00eb hund\u00eb mund t\u00eb kontribuoj\u00eb n\u00eb zhvillimin e s\u00ebmundjes s\u00eb Alzheimerit.<\/p>\n\n\n\n<p>Duke analizuar dhjet\u00ebra studime t\u00eb botuara mbi s\u00ebmundjet neurologjike, nj\u00eb ekip i studiuesve nga Universiteti Western Sydney ka publikuar gjetjet e tyre n\u00eb revist\u00ebn Biomolecules. Ky hulumtim ka nxjerr\u00eb n\u00eb pah se zakonsh\u00ebm \u00ebsht\u00eb rasti i individ\u00ebve q\u00eb fusin gishtat n\u00eb hund\u00eb, t\u00eb cil\u00ebt kan\u00eb nj\u00eb rrezik m\u00eb t\u00eb lart\u00eb p\u00ebr t\u2019u diagnostikuar me s\u00ebmundjen e Alzheimerit, nj\u00eb s\u00ebmundje neurodegenerative q\u00eb prek miliona njer\u00ebz n\u00eb t\u00eb gjith\u00eb bot\u00ebn.<\/p>\n\n\n\n<p>Nj\u00eb nga rezultatet m\u00eb t\u00eb habitshme t\u00eb k\u00ebrkimit ka qen\u00eb konstatimi se neuroinflamacioni i lidhur me Alzheimerin mund t\u00eb shkaktohet pjes\u00ebrisht nga patogjen\u00ebt q\u00eb hyjn\u00eb n\u00eb tru p\u00ebrmes hund\u00ebs. K\u00ebta patogjen\u00eb, duke p\u00ebrfshir\u00eb viruse, baktere dhe k\u00ebrpudha, shkaktojn\u00eb inflamacion t\u00eb sistemit nervor dhe mund t\u00eb kontribuojn\u00eb n\u00eb formimin e proteinave beta amiloide n\u00eb tru, t\u00eb cilat jan\u00eb t\u00eb njohura p\u00ebr rolin e tyre n\u00eb progresin e s\u00ebmundjes.<\/p>\n\n\n\n<p>Termi mjek\u00ebsor p\u00ebr zakonin e t\u00eb mbajturit n\u00eb hund\u00eb \u00ebsht\u00eb \u201crhinotillexomania\u201d. Ky zakon, i njohur p\u00ebr rrezikshm\u00ebrit\u00eb e tij, l\u00eb mikrobe n\u00eb zgavr\u00ebn e ndjeshme t\u00eb hund\u00ebs, duke rritur rrezikun e inflamacionit n\u00eb tru. Kjo \u00ebsht\u00eb ve\u00e7an\u00ebrisht alarmante p\u00ebr ata q\u00eb jan\u00eb t\u00eb prirur ndaj \u00e7rregullimeve neurologjike.<\/p>\n\n\n\n<p>Studimet e fundit kan\u00eb sugjeruar q\u00eb ekzistojn\u00eb disa faktor\u00eb t\u00eb rrezikut q\u00eb lidhen me zhvillimin e s\u00ebmundjes s\u00eb Alzheimerit, dhe ky zakon i duksh\u00ebm nuk duhet n\u00ebnvler\u00ebsuar. Ekspert\u00ebt shpjegojn\u00eb se akumulimi i mikrobeve me kalimin e koh\u00ebs mund t\u00eb ket\u00eb pasoja t\u00eb r\u00ebnda, duke p\u00ebrfshir\u00eb humbjen e kujtes\u00ebs dhe probleme t\u00eb tjera kognitive.<\/p>\n\n\n\n<p>K\u00ebrkimet e reja gjithashtu nxjerrin n\u00eb pah r\u00ebnd\u00ebsin\u00eb e higjien\u00ebs personale dhe vet\u00ebdijes p\u00ebr zakonet e p\u00ebrditshme q\u00eb mund t\u00eb duken t\u00eb pad\u00ebmshme. Pjes\u00eb e nj\u00eb strategjie t\u00eb plot\u00eb p\u00ebr mbrojtjen e sh\u00ebndetit neurologjik duhet t\u00eb jet\u00eb shmangia e zakonit t\u00eb fusjes s\u00eb gishtave n\u00eb hund\u00eb dhe promovimi i higjien\u00ebs t\u00eb mir\u00eb, si shpeshtimi i larjes s\u00eb duarve dhe p\u00ebrdorimi i pastruesve t\u00eb duarve.<\/p>\n\n\n\n<p>N\u00eb p\u00ebrfundim, duhet t\u00eb jemi t\u00eb vet\u00ebdijsh\u00ebm p\u00ebr rrezikun q\u00eb paraqet ky zakon i duksh\u00ebm. Ndryshimi i sjelljeve tona t\u00eb p\u00ebrditshme dhe p\u00ebrmir\u00ebsimi i higjien\u00ebs mund t\u00eb jen\u00eb hapa t\u00eb r\u00ebnd\u00ebsish\u00ebm n\u00eb reduktimin e rrezikut t\u00eb s\u00ebmundjeve neurologjike p\u00ebrfshir\u00eb Alzheimerin. Kjo na kujton se kujdesi p\u00ebr sh\u00ebndetin ton\u00eb fillon nga zakonet e vogla q\u00eb shpesh i anashkalojm\u00eb.<\/p>\n","protected":false},"excerpt":{"rendered":"<p>Njer&euml;zit q&euml; fusin gishtat n&euml; hund&euml; mund t&euml; rrezikojn&euml; sh&euml;ndetin. Edhe pse mund t&euml; duket si nj&euml; zakon i pad&euml;msh&euml;m dhe i bezdissh&euml;m, ky aktivitet i duket t&euml; jet&euml; m&euml; serioz se sa mendohej m&euml; par&euml;. Studiuesit kan&euml; zbuluar se ky zakon jo vet&euml;m q&euml; sjell shqet&euml;sime higjienike, por gjithashtu mund t&euml; jet&euml; i lidhur [&hellip;]<\/p>\n","protected":false},"author":2,"featured_media":38894,"comment_status":"open","ping_status":"closed","sticky":false,"template":"","format":"standard","meta":{"_monsterinsights_skip_tracking":false,"_monsterinsights_sitenote_active":false,"_monsterinsights_sitenote_note":"","_monsterinsights_sitenote_category":0,"footnotes":""},"categories":[572],"tags":[],"class_list":["post-38893","post","type-post","status-publish","format-standard","has-post-thumbnail","hentry","category-shendeti"],"_links":{"self":[{"href":"https:\/\/radiojehona.mk\/index.php?rest_route=\/wp\/v2\/posts\/38893","targetHints":{"allow":["GET"]}}],"collection":[{"href":"https:\/\/radiojehona.mk\/index.php?rest_route=\/wp\/v2\/posts"}],"about":[{"href":"https:\/\/radiojehona.mk\/index.php?rest_route=\/wp\/v2\/types\/post"}],"author":[{"embeddable":true,"href":"https:\/\/radiojehona.mk\/index.php?rest_route=\/wp\/v2\/users\/2"}],"replies":[{"embeddable":true,"href":"https:\/\/radiojehona.mk\/index.php?rest_route=%2Fwp%2Fv2%2Fcomments&post=38893"}],"version-history":[{"count":2,"href":"https:\/\/radiojehona.mk\/index.php?rest_route=\/wp\/v2\/posts\/38893\/revisions"}],"predecessor-version":[{"id":38896,"href":"https:\/\/radiojehona.mk\/index.php?rest_route=\/wp\/v2\/posts\/38893\/revisions\/38896"}],"wp:featuredmedia":[{"embeddable":true,"href":"https:\/\/radiojehona.mk\/index.php?rest_route=\/wp\/v2\/media\/38894"}],"wp:attachment":[{"href":"https:\/\/radiojehona.mk\/index.php?rest_route=%2Fwp%2Fv2%2Fmedia&parent=38893"}],"wp:term":[{"taxonomy":"category","embeddable":true,"href":"https:\/\/radiojehona.mk\/index.php?rest_route=%2Fwp%2Fv2%2Fcategories&post=38893"},{"taxonomy":"post_tag","embeddable":true,"href":"https:\/\/radiojehona.mk\/index.php?rest_route=%2Fwp%2Fv2%2Ftags&post=38893"}],"curies":[{"name":"wp","href":"https:\/\/api.w.org\/{rel}","templated":true}]}}