{"id":38889,"date":"2024-12-17T13:53:22","date_gmt":"2024-12-17T13:53:22","guid":{"rendered":"https:\/\/radiojehona.com\/?p=38889"},"modified":"2024-12-17T13:53:22","modified_gmt":"2024-12-17T13:53:22","slug":"biznesmeni-elton-ilirjani-hap-nje-gofundme-per-parashqevi-simakun","status":"publish","type":"post","link":"https:\/\/radiojehona.mk\/?p=38889","title":{"rendered":"Biznesmeni Elton Ilirjani hap nj\u00eb\u00a0\u201cGoFundMe\u201d p\u00ebr Parashqevi Simakun\u00a0"},"content":{"rendered":"\n<figure class=\"wp-block-image size-full\"><img fetchpriority=\"high\" decoding=\"async\" width=\"480\" height=\"360\" src=\"https:\/\/radiojehona.com\/wp-content\/uploads\/2024\/12\/IMG_1952.jpeg\" alt=\"\" class=\"wp-image-38890\" srcset=\"https:\/\/radiojehona.mk\/wp-content\/uploads\/2024\/12\/IMG_1952.jpeg 480w, https:\/\/radiojehona.mk\/wp-content\/uploads\/2024\/12\/IMG_1952-300x225.jpeg 300w\" sizes=\"(max-width: 480px) 100vw, 480px\" \/><\/figure>\n\n\n\n<p>Me q\u00ebllim mbledhjen e fondeve p\u00ebr t\u00eb, \u00ebsht\u00eb hapur nj\u00eb \u201cGoFundMe\u201d p\u00ebr artisten e madhe Parashqevi Simaku. Kjo e fundit ishte \u201czhdukur\u201d nga syt\u00eb e publikut shqiptar p\u00ebr mbi 20 vite, q\u00eb kur u largua drejt Shteteve t\u00eb Bashkuara.&nbsp;<\/p>\n\n\n\n<p>Ishte nj\u00eb video e transmetuar n\u00eb nj\u00eb media amerikane q\u00eb e \u201criktheu\u201d at\u00eb. K\u00ebng\u00ebtarja ikonike ka jetuar p\u00ebr vite t\u00eb t\u00ebra si e pastreh\u00eb duke marr\u00eb ndihma vullnetare, por tanim\u00eb me ndihm\u00ebn e biznesmenit Elton Ilirjani ajo \u00ebsht\u00eb akomoduar n\u00eb nj\u00eb hotel n\u00eb New York.&nbsp;<\/p>\n\n\n\n<p>Teksa t\u00eb gjith\u00eb jan\u00eb sensibilizuar p\u00ebr t\u2019i shkuar n\u00eb ndihm\u00eb, Ilirjani ka hapur k\u00ebt\u00eb llogari bankare n\u00eb m\u00ebnyr\u00eb q\u00eb kjo gj\u00eb t\u00eb realizohet.&nbsp;<\/p>\n\n\n\n<p>\u201cParat\u00eb do t\u00eb shkojn\u00eb p\u00ebr p\u00ebrkujdesjen sh\u00ebndet\u00ebsore t\u00eb k\u00ebng\u00ebtares, p\u00ebr t\u2019i rikthyer asaj admirimin q\u00eb kombi ka ndaj saj\u201d,&nbsp;thot\u00eb biznesmeni.&nbsp;<\/p>\n","protected":false},"excerpt":{"rendered":"<p>Me q&euml;llim mbledhjen e fondeve p&euml;r t&euml;, &euml;sht&euml; hapur nj&euml; &ldquo;GoFundMe&rdquo; p&euml;r artisten e madhe Parashqevi Simaku. Kjo e fundit ishte &ldquo;zhdukur&rdquo; nga syt&euml; e publikut shqiptar p&euml;r mbi 20 vite, q&euml; kur u largua drejt Shteteve t&euml; Bashkuara.&nbsp; Ishte nj&euml; video e transmetuar n&euml; nj&euml; media amerikane q&euml; e &ldquo;riktheu&rdquo; at&euml;. K&euml;ng&euml;tarja ikonike ka [&hellip;]<\/p>\n","protected":false},"author":2,"featured_media":38890,"comment_status":"open","ping_status":"closed","sticky":false,"template":"","format":"standard","meta":{"_monsterinsights_skip_tracking":false,"_monsterinsights_sitenote_active":false,"_monsterinsights_sitenote_note":"","_monsterinsights_sitenote_category":0,"footnotes":""},"categories":[7],"tags":[],"class_list":["post-38889","post","type-post","status-publish","format-standard","has-post-thumbnail","hentry","category-showbizz"],"_links":{"self":[{"href":"https:\/\/radiojehona.mk\/index.php?rest_route=\/wp\/v2\/posts\/38889","targetHints":{"allow":["GET"]}}],"collection":[{"href":"https:\/\/radiojehona.mk\/index.php?rest_route=\/wp\/v2\/posts"}],"about":[{"href":"https:\/\/radiojehona.mk\/index.php?rest_route=\/wp\/v2\/types\/post"}],"author":[{"embeddable":true,"href":"https:\/\/radiojehona.mk\/index.php?rest_route=\/wp\/v2\/users\/2"}],"replies":[{"embeddable":true,"href":"https:\/\/radiojehona.mk\/index.php?rest_route=%2Fwp%2Fv2%2Fcomments&post=38889"}],"version-history":[{"count":2,"href":"https:\/\/radiojehona.mk\/index.php?rest_route=\/wp\/v2\/posts\/38889\/revisions"}],"predecessor-version":[{"id":38892,"href":"https:\/\/radiojehona.mk\/index.php?rest_route=\/wp\/v2\/posts\/38889\/revisions\/38892"}],"wp:featuredmedia":[{"embeddable":true,"href":"https:\/\/radiojehona.mk\/index.php?rest_route=\/wp\/v2\/media\/38890"}],"wp:attachment":[{"href":"https:\/\/radiojehona.mk\/index.php?rest_route=%2Fwp%2Fv2%2Fmedia&parent=38889"}],"wp:term":[{"taxonomy":"category","embeddable":true,"href":"https:\/\/radiojehona.mk\/index.php?rest_route=%2Fwp%2Fv2%2Fcategories&post=38889"},{"taxonomy":"post_tag","embeddable":true,"href":"https:\/\/radiojehona.mk\/index.php?rest_route=%2Fwp%2Fv2%2Ftags&post=38889"}],"curies":[{"name":"wp","href":"https:\/\/api.w.org\/{rel}","templated":true}]}}