{"id":38878,"date":"2024-12-17T13:47:36","date_gmt":"2024-12-17T13:47:36","guid":{"rendered":"https:\/\/radiojehona.com\/?p=38878"},"modified":"2024-12-17T13:47:36","modified_gmt":"2024-12-17T13:47:36","slug":"reuters-gjenden-te-pakten-100000-trupa-te-viktimave-te-regjimit-te-asadit","status":"publish","type":"post","link":"https:\/\/radiojehona.mk\/?p=38878","title":{"rendered":"Reuters: Gjenden t\u00eb pakt\u00ebn 100,000 trupa t\u00eb viktimave t\u00eb regjimit t\u00eb Asadit"},"content":{"rendered":"\n<figure class=\"wp-block-image size-full\"><img fetchpriority=\"high\" decoding=\"async\" width=\"640\" height=\"427\" src=\"https:\/\/radiojehona.com\/wp-content\/uploads\/2024\/12\/640-0-b99b47531808dbcf3fa7371ff752d5d1.jpg\" alt=\"\" class=\"wp-image-38879\" srcset=\"https:\/\/radiojehona.mk\/wp-content\/uploads\/2024\/12\/640-0-b99b47531808dbcf3fa7371ff752d5d1.jpg 640w, https:\/\/radiojehona.mk\/wp-content\/uploads\/2024\/12\/640-0-b99b47531808dbcf3fa7371ff752d5d1-300x200.jpg 300w\" sizes=\"(max-width: 640px) 100vw, 640px\" \/><\/figure>\n\n\n\n<p>T\u00eb pakt\u00ebn 100,000 trupa t\u00eb viktimave t\u00eb regjimit t\u00eb ish-presidentit sirian Bashar al-Assad jan\u00eb gjetur n\u00eb nj\u00eb varrez\u00eb masive jasht\u00eb Damaskut, tha drejtori i Task Forc\u00ebs Siriane t\u00eb Emergjencave (SETF) Muaz Mustafa.<\/p>\n\n\n\n<p>Ai i tha Reuters se n\u00eb Al Qutaifah, 40 kilometra n\u00eb veri t\u00eb Damaskut, ndodhet nj\u00eb nga pes\u00eb varrezat masive. \u201cNj\u00ebqind mij\u00eb \u00ebsht\u00eb vler\u00ebsimi m\u00eb konservativ\u201d i numrit t\u00eb trupave t\u00eb varrosur n\u00eb vend, tha Mustafa.<\/p>\n\n\n\n<p>Ai beson, si\u00e7 thekson, se ka m\u00eb shum\u00eb se pes\u00eb varreza masive dhe se n\u00eb mesin e viktimave kishte shtetas amerikan\u00eb dhe britanik\u00eb, si dhe t\u00eb huaj t\u00eb tjer\u00eb.<\/p>\n\n\n\n<p>Mustafa tha se dega e inteligjenc\u00ebs e forcave ajrore siriane ishte \u201cp\u00ebrgjegj\u00ebse p\u00ebr transferimin e trupave nga spitalet ushtarake, ku trupat mblidheshin pasi (njer\u00ebzit) ishin torturuar deri n\u00eb vdekje, dhe m\u00eb pas ata do t\u00eb d\u00ebrgoheshin n\u00eb nj\u00eb varr masiv\u201d.<\/p>\n\n\n\n<p>Si\u00e7 vuri n\u00eb dukje ai, trupat u transportuan n\u00eb varre nga zyra komunale e funeralit n\u00eb Damask, stafi i s\u00eb cil\u00ebs ndihmoi n\u00eb shkarkimin e viktimave nga frigorifer\u00ebt nga rimorkiot e traktor\u00ebve.<\/p>\n","protected":false},"excerpt":{"rendered":"<p>T&euml; pakt&euml;n 100,000 trupa t&euml; viktimave t&euml; regjimit t&euml; ish-presidentit sirian Bashar al-Assad jan&euml; gjetur n&euml; nj&euml; varrez&euml; masive jasht&euml; Damaskut, tha drejtori i Task Forc&euml;s Siriane t&euml; Emergjencave (SETF) Muaz Mustafa. Ai i tha Reuters se n&euml; Al Qutaifah, 40 kilometra n&euml; veri t&euml; Damaskut, ndodhet nj&euml; nga pes&euml; varrezat masive. &ldquo;Nj&euml;qind mij&euml; &euml;sht&euml; [&hellip;]<\/p>\n","protected":false},"author":2,"featured_media":38879,"comment_status":"open","ping_status":"closed","sticky":false,"template":"","format":"standard","meta":{"_monsterinsights_skip_tracking":false,"_monsterinsights_sitenote_active":false,"_monsterinsights_sitenote_note":"","_monsterinsights_sitenote_category":0,"footnotes":""},"categories":[569],"tags":[],"class_list":["post-38878","post","type-post","status-publish","format-standard","has-post-thumbnail","hentry","category-bota"],"_links":{"self":[{"href":"https:\/\/radiojehona.mk\/index.php?rest_route=\/wp\/v2\/posts\/38878","targetHints":{"allow":["GET"]}}],"collection":[{"href":"https:\/\/radiojehona.mk\/index.php?rest_route=\/wp\/v2\/posts"}],"about":[{"href":"https:\/\/radiojehona.mk\/index.php?rest_route=\/wp\/v2\/types\/post"}],"author":[{"embeddable":true,"href":"https:\/\/radiojehona.mk\/index.php?rest_route=\/wp\/v2\/users\/2"}],"replies":[{"embeddable":true,"href":"https:\/\/radiojehona.mk\/index.php?rest_route=%2Fwp%2Fv2%2Fcomments&post=38878"}],"version-history":[{"count":1,"href":"https:\/\/radiojehona.mk\/index.php?rest_route=\/wp\/v2\/posts\/38878\/revisions"}],"predecessor-version":[{"id":38880,"href":"https:\/\/radiojehona.mk\/index.php?rest_route=\/wp\/v2\/posts\/38878\/revisions\/38880"}],"wp:featuredmedia":[{"embeddable":true,"href":"https:\/\/radiojehona.mk\/index.php?rest_route=\/wp\/v2\/media\/38879"}],"wp:attachment":[{"href":"https:\/\/radiojehona.mk\/index.php?rest_route=%2Fwp%2Fv2%2Fmedia&parent=38878"}],"wp:term":[{"taxonomy":"category","embeddable":true,"href":"https:\/\/radiojehona.mk\/index.php?rest_route=%2Fwp%2Fv2%2Fcategories&post=38878"},{"taxonomy":"post_tag","embeddable":true,"href":"https:\/\/radiojehona.mk\/index.php?rest_route=%2Fwp%2Fv2%2Ftags&post=38878"}],"curies":[{"name":"wp","href":"https:\/\/api.w.org\/{rel}","templated":true}]}}