{"id":38874,"date":"2024-12-17T13:46:43","date_gmt":"2024-12-17T13:46:43","guid":{"rendered":"https:\/\/radiojehona.com\/?p=38874"},"modified":"2024-12-17T13:46:43","modified_gmt":"2024-12-17T13:46:43","slug":"nga-1-janari-milano-do-te-ndaloje-pirjen-e-duhanit-ne-ambiente-publike","status":"publish","type":"post","link":"https:\/\/radiojehona.mk\/?p=38874","title":{"rendered":"Nga 1 janari Milano do t\u00eb ndaloj\u00eb pirjen e duhanit n\u00eb ambiente publike"},"content":{"rendered":"\n<figure class=\"wp-block-image size-full\"><img fetchpriority=\"high\" decoding=\"async\" width=\"646\" height=\"350\" src=\"https:\/\/radiojehona.com\/wp-content\/uploads\/2024\/12\/cigare-duhan-ndales.jpg\" alt=\"\" class=\"wp-image-38875\" srcset=\"https:\/\/radiojehona.mk\/wp-content\/uploads\/2024\/12\/cigare-duhan-ndales.jpg 646w, https:\/\/radiojehona.mk\/wp-content\/uploads\/2024\/12\/cigare-duhan-ndales-300x163.jpg 300w\" sizes=\"(max-width: 646px) 100vw, 646px\" \/><\/figure>\n\n\n\n<p>Pas Vitit t\u00eb Ri, qyteti i dyt\u00eb m\u00eb i madh i Italis\u00eb, Milano do t\u00eb ndaloj\u00eb pirjen e duhanit n\u00eb ambiente t\u00eb hapura, transmeton Anadolu.<\/p>\n\n\n\n<p>Sipas mediave komb\u00ebtare, Bashkia e Milanos, n\u00eb kuad\u00ebr t\u00eb planifikimit t\u00eb klim\u00ebs dhe motit, vendosi t\u00eb zgjeroj\u00eb fush\u00ebn e ndalimit t\u00eb kufizuar t\u00eb pirjes s\u00eb duhanit q\u00eb prezantoi p\u00ebr her\u00eb t\u00eb par\u00eb n\u00eb vitin 2021 p\u00ebr zonat e p\u00ebrbashk\u00ebta t\u00eb jetes\u00ebs si stadiumet, parqet, varrezat dhe stacionet e autobus\u00ebve.<br>N\u00eb kuad\u00ebr t\u00eb vendimit t\u00eb fundit t\u00eb bashkis\u00eb, nga data 1 janar 2025 do t\u00eb ndalohet pirja e duhanit n\u00eb ambiente publike. Sipas rregullores s\u00eb re, konsumimi i cigareve dhe produkteve t\u00eb duhanit do t\u00eb lejohet vet\u00ebm n\u00eb zona t\u00eb caktuara, me kusht q\u00eb t\u00eb ket\u00eb nj\u00eb distanc\u00eb prej t\u00eb pakt\u00ebn 10 metrash nga njer\u00ebzit e tjer\u00eb.<\/p>\n\n\n\n<p>Ata q\u00eb nuk respektojn\u00eb k\u00ebt\u00eb rregull do t\u00eb gjobiten nga 40 deri n\u00eb 240 euro.<br>Disa prodhues dhe tregtar\u00eb t\u00eb duhanit planifikojn\u00eb t\u00eb kund\u00ebrshtojn\u00eb ndalimin e ri n\u00eb gjykat\u00ebn rajonale, duke pretenduar se bashkia nuk ka autoritetin p\u00ebr t\u00eb marr\u00eb nj\u00eb vendim t\u00eb till\u00eb.<\/p>\n\n\n\n<p>Nj\u00eb vendim i ngjash\u00ebm me at\u00eb n\u00eb Milano u vu n\u00eb fuqi n\u00eb Torino, nj\u00eb tjet\u00ebr qytet industrial n\u00eb veri, n\u00eb muajin prill. Bashkia e Torinos ndaloi pirjen e duhanit n\u00eb ambiente t\u00eb hapura kur ka persona t\u00eb tjer\u00eb m\u00eb pak se 5 metra larg.<\/p>\n","protected":false},"excerpt":{"rendered":"<p>Pas Vitit t&euml; Ri, qyteti i dyt&euml; m&euml; i madh i Italis&euml;, Milano do t&euml; ndaloj&euml; pirjen e duhanit n&euml; ambiente t&euml; hapura, transmeton Anadolu. Sipas mediave komb&euml;tare, Bashkia e Milanos, n&euml; kuad&euml;r t&euml; planifikimit t&euml; klim&euml;s dhe motit, vendosi t&euml; zgjeroj&euml; fush&euml;n e ndalimit t&euml; kufizuar t&euml; pirjes s&euml; duhanit q&euml; prezantoi p&euml;r her&euml; [&hellip;]<\/p>\n","protected":false},"author":2,"featured_media":38875,"comment_status":"open","ping_status":"closed","sticky":false,"template":"","format":"standard","meta":{"_monsterinsights_skip_tracking":false,"_monsterinsights_sitenote_active":false,"_monsterinsights_sitenote_note":"","_monsterinsights_sitenote_category":0,"footnotes":""},"categories":[569],"tags":[],"class_list":["post-38874","post","type-post","status-publish","format-standard","has-post-thumbnail","hentry","category-bota"],"_links":{"self":[{"href":"https:\/\/radiojehona.mk\/index.php?rest_route=\/wp\/v2\/posts\/38874","targetHints":{"allow":["GET"]}}],"collection":[{"href":"https:\/\/radiojehona.mk\/index.php?rest_route=\/wp\/v2\/posts"}],"about":[{"href":"https:\/\/radiojehona.mk\/index.php?rest_route=\/wp\/v2\/types\/post"}],"author":[{"embeddable":true,"href":"https:\/\/radiojehona.mk\/index.php?rest_route=\/wp\/v2\/users\/2"}],"replies":[{"embeddable":true,"href":"https:\/\/radiojehona.mk\/index.php?rest_route=%2Fwp%2Fv2%2Fcomments&post=38874"}],"version-history":[{"count":2,"href":"https:\/\/radiojehona.mk\/index.php?rest_route=\/wp\/v2\/posts\/38874\/revisions"}],"predecessor-version":[{"id":38877,"href":"https:\/\/radiojehona.mk\/index.php?rest_route=\/wp\/v2\/posts\/38874\/revisions\/38877"}],"wp:featuredmedia":[{"embeddable":true,"href":"https:\/\/radiojehona.mk\/index.php?rest_route=\/wp\/v2\/media\/38875"}],"wp:attachment":[{"href":"https:\/\/radiojehona.mk\/index.php?rest_route=%2Fwp%2Fv2%2Fmedia&parent=38874"}],"wp:term":[{"taxonomy":"category","embeddable":true,"href":"https:\/\/radiojehona.mk\/index.php?rest_route=%2Fwp%2Fv2%2Fcategories&post=38874"},{"taxonomy":"post_tag","embeddable":true,"href":"https:\/\/radiojehona.mk\/index.php?rest_route=%2Fwp%2Fv2%2Ftags&post=38874"}],"curies":[{"name":"wp","href":"https:\/\/api.w.org\/{rel}","templated":true}]}}