{"id":38870,"date":"2024-12-17T13:45:18","date_gmt":"2024-12-17T13:45:18","guid":{"rendered":"https:\/\/radiojehona.com\/?p=38870"},"modified":"2024-12-17T13:45:19","modified_gmt":"2024-12-17T13:45:19","slug":"termet-me-magnitude-7-3-raportohet-per-deme-te-medha-ja-ku-ka-ndodhur","status":"publish","type":"post","link":"https:\/\/radiojehona.mk\/?p=38870","title":{"rendered":"T\u00ebrmet me magnitud\u00eb 7.3, raportohet p\u00ebr d\u00ebme t\u00eb m\u00ebdha, ja ku ka ndodhur"},"content":{"rendered":"\n<figure class=\"wp-block-image size-full\"><img fetchpriority=\"high\" decoding=\"async\" width=\"750\" height=\"430\" src=\"https:\/\/radiojehona.com\/wp-content\/uploads\/2024\/12\/termet_17-780x470-1-750x430-1.png\" alt=\"\" class=\"wp-image-38871\" srcset=\"https:\/\/radiojehona.mk\/wp-content\/uploads\/2024\/12\/termet_17-780x470-1-750x430-1.png 750w, https:\/\/radiojehona.mk\/wp-content\/uploads\/2024\/12\/termet_17-780x470-1-750x430-1-300x172.png 300w\" sizes=\"(max-width: 750px) 100vw, 750px\" \/><\/figure>\n\n\n\n<p>Nj\u00eb t\u00ebrmet i fort\u00eb me magnitud\u00eb 7.3 \u00ebsht\u00eb regjistruar pran\u00eb kryeqytetit t\u00eb Vanuatu, Port Vila, duke d\u00ebmtuar nd\u00ebrtesa dhe infrastruktura t\u00eb tjera.<\/p>\n\n\n\n<p>T\u00ebrmeti ndodhi n\u00eb nj\u00eb thell\u00ebsi prej 57.1 km, sipas Sh\u00ebrbimit Gjeologjik t\u00eb SHBA (USGS). Shkalla e d\u00ebmeve mbetet e paqart\u00eb, por dyshohet edhe p\u00ebr t\u00eb vdekur.<\/p>\n\n\n\n<p>Autoritetet dhan\u00eb alarm p\u00ebr cunami n\u00eb pjes\u00eb t\u00eb kombit ishullor t\u00eb Paq\u00ebsorit, por m\u00eb pas than\u00eb se k\u00ebrc\u00ebnimi kishte kaluar. Pamjet n\u00eb internet tregojn\u00eb nd\u00ebrtesa t\u00eb shembura, makina t\u00eb d\u00ebmtuara dhe mobilje t\u00eb rr\u00ebzuara brenda sht\u00ebpive.<\/p>\n\n\n\n<p>Ambasada amerikane n\u00eb Port Vila \u00ebsht\u00eb mes nd\u00ebrtesave t\u00eb d\u00ebmtuara.<\/p>\n\n\n\n<figure class=\"wp-block-image\"><img decoding=\"async\" src=\"https:\/\/ads.tetovasot.com\/www\/delivery\/lg.php?bannerid=0&amp;campaignid=0&amp;zoneid=189&amp;loc=https%3A%2F%2Fwww.tetovasot.com%2F2024%2F12%2Ftermet-me-magnitude-7-3-raportohet-per-deme-te-medha-ja-ku-ka-ndodhur%2F&amp;referer=https%3A%2F%2Ffax.al%2F&amp;cb=abb5c541e2\" alt=\"\"\/><\/figure>\n\n\n\n<p>Shum\u00eb nd\u00ebrtesa t\u00eb m\u00ebdha jan\u00eb shembur n\u00eb Port Vila, energjia elektrike \u00ebsht\u00eb nd\u00ebrprer\u00eb dhe uji \u00ebsht\u00eb nd\u00ebrprer\u00eb n\u00eb pjes\u00ebn m\u00eb t\u00eb madhe t\u00eb kryeqytetit, tha n\u00eb nj\u00eb deklarat\u00eb Care Australia, nj\u00eb agjenci humanitare jofitimprur\u00ebse.<\/p>\n","protected":false},"excerpt":{"rendered":"<p>Nj&euml; t&euml;rmet i fort&euml; me magnitud&euml; 7.3 &euml;sht&euml; regjistruar pran&euml; kryeqytetit t&euml; Vanuatu, Port Vila, duke d&euml;mtuar nd&euml;rtesa dhe infrastruktura t&euml; tjera. T&euml;rmeti ndodhi n&euml; nj&euml; thell&euml;si prej 57.1 km, sipas Sh&euml;rbimit Gjeologjik t&euml; SHBA (USGS). Shkalla e d&euml;meve mbetet e paqart&euml;, por dyshohet edhe p&euml;r t&euml; vdekur. Autoritetet dhan&euml; alarm p&euml;r cunami n&euml; pjes&euml; [&hellip;]<\/p>\n","protected":false},"author":2,"featured_media":38871,"comment_status":"open","ping_status":"closed","sticky":false,"template":"","format":"standard","meta":{"_monsterinsights_skip_tracking":false,"_monsterinsights_sitenote_active":false,"_monsterinsights_sitenote_note":"","_monsterinsights_sitenote_category":0,"footnotes":""},"categories":[569],"tags":[],"class_list":["post-38870","post","type-post","status-publish","format-standard","has-post-thumbnail","hentry","category-bota"],"_links":{"self":[{"href":"https:\/\/radiojehona.mk\/index.php?rest_route=\/wp\/v2\/posts\/38870","targetHints":{"allow":["GET"]}}],"collection":[{"href":"https:\/\/radiojehona.mk\/index.php?rest_route=\/wp\/v2\/posts"}],"about":[{"href":"https:\/\/radiojehona.mk\/index.php?rest_route=\/wp\/v2\/types\/post"}],"author":[{"embeddable":true,"href":"https:\/\/radiojehona.mk\/index.php?rest_route=\/wp\/v2\/users\/2"}],"replies":[{"embeddable":true,"href":"https:\/\/radiojehona.mk\/index.php?rest_route=%2Fwp%2Fv2%2Fcomments&post=38870"}],"version-history":[{"count":2,"href":"https:\/\/radiojehona.mk\/index.php?rest_route=\/wp\/v2\/posts\/38870\/revisions"}],"predecessor-version":[{"id":38873,"href":"https:\/\/radiojehona.mk\/index.php?rest_route=\/wp\/v2\/posts\/38870\/revisions\/38873"}],"wp:featuredmedia":[{"embeddable":true,"href":"https:\/\/radiojehona.mk\/index.php?rest_route=\/wp\/v2\/media\/38871"}],"wp:attachment":[{"href":"https:\/\/radiojehona.mk\/index.php?rest_route=%2Fwp%2Fv2%2Fmedia&parent=38870"}],"wp:term":[{"taxonomy":"category","embeddable":true,"href":"https:\/\/radiojehona.mk\/index.php?rest_route=%2Fwp%2Fv2%2Fcategories&post=38870"},{"taxonomy":"post_tag","embeddable":true,"href":"https:\/\/radiojehona.mk\/index.php?rest_route=%2Fwp%2Fv2%2Ftags&post=38870"}],"curies":[{"name":"wp","href":"https:\/\/api.w.org\/{rel}","templated":true}]}}