{"id":38273,"date":"2024-11-30T17:51:46","date_gmt":"2024-11-30T17:51:46","guid":{"rendered":"https:\/\/radiojehona.com\/?p=38273"},"modified":"2024-11-30T17:51:47","modified_gmt":"2024-11-30T17:51:47","slug":"gazetaret-kane-pergjegjesi-te-raportojne-ne-menyre-profesionale-dhe-etike-ne-situata-te-ndjeshme","status":"publish","type":"post","link":"https:\/\/radiojehona.mk\/?p=38273","title":{"rendered":"Gazetar\u00ebt kan\u00eb p\u00ebrgjegj\u00ebsi t\u00eb raportojn\u00eb n\u00eb m\u00ebnyr\u00eb profesionale dhe etike n\u00eb situata t\u00eb ndjeshme"},"content":{"rendered":"\n<figure class=\"wp-block-image size-large\"><img fetchpriority=\"high\" decoding=\"async\" width=\"1016\" height=\"1024\" src=\"https:\/\/radiojehona.com\/wp-content\/uploads\/2024\/11\/IMG_9621-1016x1024.jpeg\" alt=\"\" class=\"wp-image-38274\" srcset=\"https:\/\/radiojehona.mk\/wp-content\/uploads\/2024\/11\/IMG_9621-1016x1024.jpeg 1016w, https:\/\/radiojehona.mk\/wp-content\/uploads\/2024\/11\/IMG_9621-298x300.jpeg 298w, https:\/\/radiojehona.mk\/wp-content\/uploads\/2024\/11\/IMG_9621-150x150.jpeg 150w, https:\/\/radiojehona.mk\/wp-content\/uploads\/2024\/11\/IMG_9621-768x774.jpeg 768w, https:\/\/radiojehona.mk\/wp-content\/uploads\/2024\/11\/IMG_9621.jpeg 1125w\" sizes=\"(max-width: 1016px) 100vw, 1016px\" \/><\/figure>\n\n\n\n<p>Shoqata e Gazetar\u00ebve t\u00eb Maqedonis\u00eb (SHGM) dhe K\u00ebshilli Etik p\u00ebr Media n\u00eb Maqedoni (KEMM) i b\u00ebjn\u00eb thirrje gazetar\u00ebve dhe pun\u00ebtor\u00ebve mediatik q\u00eb t\u00eb respektojn\u00eb Kodin e Gazetar\u00ebve, ve\u00e7an\u00ebrisht n\u00eb kontekstin e ngjarjeve t\u00eb fundit t\u00eb cilat kan\u00eb nxitur debat publik dhe reagime n\u00eb raport me ngjarjet e fundit. N\u00eb situata t\u00eb k\u00ebtilla, kur rritet rreziku i mostoleranc\u00ebs dhe urrejtjes etnike, gazetar\u00ebt kan\u00eb detyrimin t\u00eb raportojn\u00eb n\u00eb m\u00ebnyr\u00eb objektive, profesionale dhe me q\u00ebllim p\u00ebr t\u00eb promovuar qet\u00ebsi dhe mir\u00ebkuptim.<\/p>\n\n\n\n<p>Gazetar\u00ebt duhet t\u00eb jen\u00eb t\u00eb p\u00ebrmbajtur nga p\u00ebrdorimi i retorik\u00ebs nacionaliste ose sensacionalizmit t\u00eb cilat mund t\u00eb p\u00ebrshkall\u00ebzojn\u00eb m\u00eb tej tensionet publike. N\u00eb vend t\u00eb k\u00ebsaj, ne rekomandojm\u00eb q\u00eb ata t\u00eb fokusohen n\u00eb rritjen e nd\u00ebrgjegj\u00ebsimit p\u00ebr pasojat e gjuh\u00ebs s\u00eb urrejtjes, si dhe n\u00eb promovimin e dialogut dhe respektit p\u00ebr diversitetin. Mediat, n\u00eb ve\u00e7nati menaxhmenti dhe pronar\u00ebt, jan\u00eb instrument ky\u00e7 p\u00ebr nd\u00ebrtimin e toleranc\u00ebs dhe mir\u00ebkuptimit t\u00eb nd\u00ebrsjell\u00eb n\u00eb shoq\u00ebri.<\/p>\n\n\n\n<p>N\u00eb kuad\u00ebr t\u00eb \u00e7\u00ebshtjeve t\u00eb ndjeshme, si n\u00eb raste kur b\u00ebhet fjal\u00eb p\u00ebr simbolika komb\u00ebtare, rikujtojm\u00eb se gazetar\u00ebt jan\u00eb t\u00eb detyruar t\u00eb udh\u00ebhiqen nga faktet dhe t\u00eb shmangin p\u00ebrhapjen e spekulimeve apo q\u00ebndrimeve t\u00eb nj\u00ebanshme. Vendimet redaktuese n\u00eb momente t\u00eb tilla duhet t\u00eb udh\u00ebhiqen nga parimet e gazetaris\u00eb s\u00eb p\u00ebrgjegjshme, q\u00ebllimi kryesor i s\u00eb cil\u00ebs \u00ebsht\u00eb ruajtja e interesit publik dhe shmangia e polarizimit shtes\u00eb t\u00eb shoq\u00ebris\u00eb.<\/p>\n\n\n\n<p>N\u00eb m\u00ebnyr\u00eb shtes\u00eb, i b\u00ebjm\u00eb thirrje gazetar\u00ebve q\u00eb t\u2019i kushtojn\u00eb v\u00ebmendje komunikimit t\u00eb tyre n\u00eb profilet personale n\u00eb rrjetet sociale, duke pasur parasysh se aty perceptohen edhe si personazhe publike dhe profesionist\u00eb t\u00eb fush\u00ebs mediatike. Sjellja e p\u00ebrgjegjshme n\u00eb t\u00eb gjitha platformat \u00ebsht\u00eb pjes\u00eb thelb\u00ebsore e rolit t\u00eb tyre profesional dhe n\u00eb p\u00ebrputhje me parimet e Kodit.<\/p>\n\n\n\n<p>SHGM dhe KEMM u b\u00ebjn\u00eb thirrje profesionist\u00ebve mediatik q\u00eb t\u00eb q\u00ebndrojn\u00eb t\u00eb p\u00ebrkushtuar ndaj standardeve etike dhe t\u00eb njohin rolin e tyre ky\u00e7 n\u00eb krijimin e nj\u00eb hap\u00ebsire mediatike informative dhe gjith\u00ebp\u00ebrfshir\u00ebse.<\/p>\n","protected":false},"excerpt":{"rendered":"<p>Shoqata e Gazetar&euml;ve t&euml; Maqedonis&euml; (SHGM) dhe K&euml;shilli Etik p&euml;r Media n&euml; Maqedoni (KEMM) i b&euml;jn&euml; thirrje gazetar&euml;ve dhe pun&euml;tor&euml;ve mediatik q&euml; t&euml; respektojn&euml; Kodin e Gazetar&euml;ve, ve&ccedil;an&euml;risht n&euml; kontekstin e ngjarjeve t&euml; fundit t&euml; cilat kan&euml; nxitur debat publik dhe reagime n&euml; raport me ngjarjet e fundit. N&euml; situata t&euml; k&euml;tilla, kur rritet rreziku [&hellip;]<\/p>\n","protected":false},"author":2,"featured_media":38274,"comment_status":"open","ping_status":"closed","sticky":false,"template":"","format":"standard","meta":{"_monsterinsights_skip_tracking":false,"_monsterinsights_sitenote_active":false,"_monsterinsights_sitenote_note":"","_monsterinsights_sitenote_category":0,"footnotes":""},"categories":[1],"tags":[],"class_list":["post-38273","post","type-post","status-publish","format-standard","has-post-thumbnail","hentry","category-vendi"],"_links":{"self":[{"href":"https:\/\/radiojehona.mk\/index.php?rest_route=\/wp\/v2\/posts\/38273","targetHints":{"allow":["GET"]}}],"collection":[{"href":"https:\/\/radiojehona.mk\/index.php?rest_route=\/wp\/v2\/posts"}],"about":[{"href":"https:\/\/radiojehona.mk\/index.php?rest_route=\/wp\/v2\/types\/post"}],"author":[{"embeddable":true,"href":"https:\/\/radiojehona.mk\/index.php?rest_route=\/wp\/v2\/users\/2"}],"replies":[{"embeddable":true,"href":"https:\/\/radiojehona.mk\/index.php?rest_route=%2Fwp%2Fv2%2Fcomments&post=38273"}],"version-history":[{"count":2,"href":"https:\/\/radiojehona.mk\/index.php?rest_route=\/wp\/v2\/posts\/38273\/revisions"}],"predecessor-version":[{"id":38276,"href":"https:\/\/radiojehona.mk\/index.php?rest_route=\/wp\/v2\/posts\/38273\/revisions\/38276"}],"wp:featuredmedia":[{"embeddable":true,"href":"https:\/\/radiojehona.mk\/index.php?rest_route=\/wp\/v2\/media\/38274"}],"wp:attachment":[{"href":"https:\/\/radiojehona.mk\/index.php?rest_route=%2Fwp%2Fv2%2Fmedia&parent=38273"}],"wp:term":[{"taxonomy":"category","embeddable":true,"href":"https:\/\/radiojehona.mk\/index.php?rest_route=%2Fwp%2Fv2%2Fcategories&post=38273"},{"taxonomy":"post_tag","embeddable":true,"href":"https:\/\/radiojehona.mk\/index.php?rest_route=%2Fwp%2Fv2%2Ftags&post=38273"}],"curies":[{"name":"wp","href":"https:\/\/api.w.org\/{rel}","templated":true}]}}