{"id":38269,"date":"2024-11-30T16:45:31","date_gmt":"2024-11-30T16:45:31","guid":{"rendered":"https:\/\/radiojehona.com\/?p=38269"},"modified":"2024-11-30T16:45:31","modified_gmt":"2024-11-30T16:45:31","slug":"taravari-polici-qe-hoqi-flamurin-shqiptar-duhet-te-perballet-me-drejtesine","status":"publish","type":"post","link":"https:\/\/radiojehona.mk\/?p=38269","title":{"rendered":"Taravari: Polici q\u00eb hoqi flamurin shqiptar duhet t\u00eb p\u00ebrballet me drejt\u00ebsin\u00eb"},"content":{"rendered":"\n<figure class=\"wp-block-image size-large\"><img fetchpriority=\"high\" decoding=\"async\" width=\"1024\" height=\"656\" src=\"https:\/\/radiojehona.com\/wp-content\/uploads\/2024\/11\/IMG_9617-1024x656.jpeg\" alt=\"\" class=\"wp-image-38270\" srcset=\"https:\/\/radiojehona.mk\/wp-content\/uploads\/2024\/11\/IMG_9617-1024x656.jpeg 1024w, https:\/\/radiojehona.mk\/wp-content\/uploads\/2024\/11\/IMG_9617-300x192.jpeg 300w, https:\/\/radiojehona.mk\/wp-content\/uploads\/2024\/11\/IMG_9617-768x492.jpeg 768w, https:\/\/radiojehona.mk\/wp-content\/uploads\/2024\/11\/IMG_9617.jpeg 1125w\" sizes=\"(max-width: 1024px) 100vw, 1024px\" \/><\/figure>\n\n\n\n<p>\u201cSi Kryetar i Aleanc\u00ebs p\u00ebr Shqiptar\u00ebt dhe Minist\u00ebr i Sh\u00ebndet\u00ebsis\u00eb, shpreh shqet\u00ebsimin e thell\u00eb p\u00ebr aktet e sh\u00ebmtuara t\u00eb dit\u00ebve t\u00eb fundit, ku flamuri shqiptar dhe ai maqedonas u p\u00ebrdhos\u00ebn nga grupe huligan\u00ebsh dhe nj\u00eb zyrtar policor\u201d, thekson n\u00eb reagimin e tij Taravari.<\/p>\n\n\n\n<p>\u201cDuhet t\u00eb jemi t\u00eb matur dhe mos biem pre e skenareve q\u00eb b\u00ebjn\u00eb ata q\u00eb i pret Drejt\u00ebsia!<\/p>\n\n\n\n<p>Arrestimi i t\u00eb rinjve t\u00eb keqp\u00ebrdorur q\u00eb dogj\u00ebn flamujt nuk mjafton. Edhe polici q\u00eb ka kontribuar n\u00eb rritjen e tensioneve dhe ka shp\u00ebrfaqur gjuh\u00eb urrejtjeje ndaj popullit shqiptar duhet t\u00eb p\u00ebrballet me drejt\u00ebsin\u00eb. Veprimet e tij si nxit\u00ebs i tensioneve duhet t\u00eb trajtohen bazuar n\u00eb ligj dhe pa toleranc\u00eb.<\/p>\n\n\n\n<p>Sa p\u00ebr fest\u00ebn, shqiptar\u00ebt prej koh\u00ebsh nuk kishin festuar aq gjat\u00eb, aq mir\u00eb dhe aq masivisht, saq\u00eb kjo trazoi edhe ata q\u00eb synojn\u00eb destabilizimin.<br>Flamuri Shqiptar nuk \u00ebsht\u00eb valvitur kurr\u00eb si pushtues ndaj ai festohet me kaq Dashuri nga ne!\u201d, mbyll reagimin e tij Taravari.<\/p>\n","protected":false},"excerpt":{"rendered":"<p>&ldquo;Si Kryetar i Aleanc&euml;s p&euml;r Shqiptar&euml;t dhe Minist&euml;r i Sh&euml;ndet&euml;sis&euml;, shpreh shqet&euml;simin e thell&euml; p&euml;r aktet e sh&euml;mtuara t&euml; dit&euml;ve t&euml; fundit, ku flamuri shqiptar dhe ai maqedonas u p&euml;rdhos&euml;n nga grupe huligan&euml;sh dhe nj&euml; zyrtar policor&rdquo;, thekson n&euml; reagimin e tij Taravari. &ldquo;Duhet t&euml; jemi t&euml; matur dhe mos biem pre e skenareve q&euml; [&hellip;]<\/p>\n","protected":false},"author":2,"featured_media":38270,"comment_status":"open","ping_status":"closed","sticky":false,"template":"","format":"standard","meta":{"_monsterinsights_skip_tracking":false,"_monsterinsights_sitenote_active":false,"_monsterinsights_sitenote_note":"","_monsterinsights_sitenote_category":0,"footnotes":""},"categories":[1],"tags":[],"class_list":["post-38269","post","type-post","status-publish","format-standard","has-post-thumbnail","hentry","category-vendi"],"_links":{"self":[{"href":"https:\/\/radiojehona.mk\/index.php?rest_route=\/wp\/v2\/posts\/38269","targetHints":{"allow":["GET"]}}],"collection":[{"href":"https:\/\/radiojehona.mk\/index.php?rest_route=\/wp\/v2\/posts"}],"about":[{"href":"https:\/\/radiojehona.mk\/index.php?rest_route=\/wp\/v2\/types\/post"}],"author":[{"embeddable":true,"href":"https:\/\/radiojehona.mk\/index.php?rest_route=\/wp\/v2\/users\/2"}],"replies":[{"embeddable":true,"href":"https:\/\/radiojehona.mk\/index.php?rest_route=%2Fwp%2Fv2%2Fcomments&post=38269"}],"version-history":[{"count":2,"href":"https:\/\/radiojehona.mk\/index.php?rest_route=\/wp\/v2\/posts\/38269\/revisions"}],"predecessor-version":[{"id":38272,"href":"https:\/\/radiojehona.mk\/index.php?rest_route=\/wp\/v2\/posts\/38269\/revisions\/38272"}],"wp:featuredmedia":[{"embeddable":true,"href":"https:\/\/radiojehona.mk\/index.php?rest_route=\/wp\/v2\/media\/38270"}],"wp:attachment":[{"href":"https:\/\/radiojehona.mk\/index.php?rest_route=%2Fwp%2Fv2%2Fmedia&parent=38269"}],"wp:term":[{"taxonomy":"category","embeddable":true,"href":"https:\/\/radiojehona.mk\/index.php?rest_route=%2Fwp%2Fv2%2Fcategories&post=38269"},{"taxonomy":"post_tag","embeddable":true,"href":"https:\/\/radiojehona.mk\/index.php?rest_route=%2Fwp%2Fv2%2Ftags&post=38269"}],"curies":[{"name":"wp","href":"https:\/\/api.w.org\/{rel}","templated":true}]}}