{"id":38265,"date":"2024-11-30T16:42:37","date_gmt":"2024-11-30T16:42:37","guid":{"rendered":"https:\/\/radiojehona.com\/?p=38265"},"modified":"2024-11-30T16:42:38","modified_gmt":"2024-11-30T16:42:38","slug":"incidentet-gjate-28-nentorit-ne-maqedonine-e-veriut-levica-kerkon-ndalimin-e-flamurit-shqiptar-ne-vende-publike","status":"publish","type":"post","link":"https:\/\/radiojehona.mk\/?p=38265","title":{"rendered":"Incidentet gjat\u00eb 28 N\u00ebntorit n\u00eb Maqedonin\u00eb e Veriut, \u201cLevica\u2019 k\u00ebrkon ndalimin e flamurit shqiptar n\u00eb vende publike"},"content":{"rendered":"\n<figure class=\"wp-block-image size-large\"><img fetchpriority=\"high\" decoding=\"async\" width=\"1024\" height=\"553\" src=\"https:\/\/radiojehona.com\/wp-content\/uploads\/2024\/11\/IMG_9616-1024x553.jpeg\" alt=\"\" class=\"wp-image-38266\" srcset=\"https:\/\/radiojehona.mk\/wp-content\/uploads\/2024\/11\/IMG_9616-1024x553.jpeg 1024w, https:\/\/radiojehona.mk\/wp-content\/uploads\/2024\/11\/IMG_9616-300x162.jpeg 300w, https:\/\/radiojehona.mk\/wp-content\/uploads\/2024\/11\/IMG_9616-768x415.jpeg 768w, https:\/\/radiojehona.mk\/wp-content\/uploads\/2024\/11\/IMG_9616.jpeg 1125w\" sizes=\"(max-width: 1024px) 100vw, 1024px\" \/><\/figure>\n\n\n\n<p>Polocia e Maqedonis\u00eb s\u00eb Veriut ka arrestuar tet\u00eb persona m\u00eb 29 n\u00ebntor, lidhur me djegien e flamurit maqedonas n\u00eb lagjen Bit Pazar t\u00eb Shkupit, gjat\u00eb festimeve me rastin e 112- vjetorit t\u00eb pavar\u00ebsis\u00eb s\u00eb Shqip\u00ebris\u00eb.<\/p>\n\n\n\n<p>Ministri i Pun\u00ebve t\u00eb Brendshme Pan\u00e7e Toshkovski, djegien e flamurit maqedonas e cil\u00ebsoi si \u201csulm direkt ndaj shtetit\u201d, dhe tha se k\u00ebto veprime jan\u00eb d\u00ebshmi e paralajm\u00ebrimeve paraprake nga MPB-ja p\u00ebr destabilizim t\u00eb vendit.<\/p>\n\n\n\n<p>Por incidentet pasuan dhe me hedhjen p\u00ebrtok\u00eb t\u00eb nj\u00eb flamuri shqiptar nga nj\u00eb polic i Maqedonis\u00eb s\u00eb Veriut.<\/p>\n\n\n\n<p>Pas k\u00ebtyre ngjarjeve, pushteti dhe opozita kan\u00eb vazhduar me akuza e kund\u00ebrakuza se kush e ka fajin p\u00ebr incidentet gjat\u00eb kremtimit t\u00eb 28 N\u00ebntorit.<\/p>\n\n\n\n<p>VMRO-DPMNE thot\u00eb se incidentet \u201ckan\u00eb skenar t\u00eb LSDM-s\u00eb dhe BDI-s\u00eb, q\u00eb p\u00ebrmes dhe krijimit t\u00eb tensioneve etnike, t\u00eb p\u00ebrpiqen ta mbrojn\u00eb kapitalin e tyre t\u00eb fituar p\u00ebrmes krimit\u201d.<\/p>\n\n\n\n<p>\u201cPartit\u00eb anti-shtet\u00ebrore LSDM-BDI p\u00ebrmes grupeve t\u00eb manipuluara t\u00eb dhunuesve politik shkaktuan sulm t\u00eb drejtp\u00ebrdrejt\u00eb ndaj shtetit p\u00ebrmes aktit t\u00eb agresionit kund\u00ebr dinjitetit t\u00eb popullit maqedonas. LSDM-BDI pas 7 viteve pushtet kan\u00eb hyr\u00eb thell\u00eb n\u00eb k\u00ebnet\u00ebn politike, jan\u00eb t\u00eb nervozuar, n\u00eb panik\u00eb dhe t\u00eb frik\u00ebsuar p\u00ebr shkak t\u00eb p\u00ebrballjes me drejt\u00ebsin\u00eb. LSDM-BDI jan\u00eb t\u00eb pafuqish\u00ebm dhe n\u00eb agoni p\u00ebr shkak se nuk kan\u00eb mb\u00ebshtetje p\u00ebr protesta dhe p\u00ebr k\u00ebt\u00eb shkak po p\u00ebrpiqen t\u00eb krijojn\u00eb tensione nd\u00ebretnike\u201d,&nbsp;thon\u00eb nga VMRO.<\/p>\n\n\n\n<p>Nd\u00ebrkoh\u00eb ka reaguar edhe partia \u201cLevica\u201d. Kjo parti, jo vet\u00ebm q\u00eb k\u00ebrkon p\u00ebrgjegj\u00ebsi dhe dor\u00ebheqje t\u00eb Ministrit Toshkovski, por rikujtojn\u00eb \u201cPlatform\u00ebn Maqedonase\u201d, q\u00eb sipas tyre ishte kushti themelor p\u00ebr koalicion paszgjedhor me VMRO-DPMNE-n\u00eb.<\/p>\n\n\n\n<p>\u201cIncidentet e fundit konfirmojn\u00eb se p\u00ebrse pushteti q\u00eb udh\u00ebhiqet nga DPMNE nuk &nbsp;pranoi n\u00ebnshkrimin e \u2018Platform\u00ebs Maqedonase\u2019 nga partit\u00eb pro-maqedonase me q\u00ebllim t\u00eb konsensusit komb\u00ebtar p\u00ebr t\u00eb parandaluar shantazhet q\u00eb vijn\u00eb nga partit\u00eb e pakic\u00ebs shqiptare. Pikat e Platform\u00ebs duhet t\u00eb jen\u00eb linjat minimale t\u00eb kuqe p\u00ebr t\u00eb gjith\u00eb partit\u00eb ku nuk do t\u00eb ket\u00eb l\u00ebshime, n\u00ebse duam q\u00eb t\u00eb mbetet di\u00e7ka nga Maqedonia\u201d,&nbsp;thon\u00eb nga Levica.<\/p>\n\n\n\n<p>\u201cLevica\u201d p\u00ebrmes komunikat\u00ebs ka rikujtuar pik\u00ebn e pest\u00eb t\u00eb Platform\u00ebs Maqedonase ku parashihet ndalimi i val\u00ebvitjes n\u00eb vende publike t\u00eb flamujve t\u00eb shteteve tjera, me q\u00ebllim t\u00eb parandalimit t\u00eb situatave t\u00eb tilla.<\/p>\n","protected":false},"excerpt":{"rendered":"<p>Polocia e Maqedonis&euml; s&euml; Veriut ka arrestuar tet&euml; persona m&euml; 29 n&euml;ntor, lidhur me djegien e flamurit maqedonas n&euml; lagjen Bit Pazar t&euml; Shkupit, gjat&euml; festimeve me rastin e 112- vjetorit t&euml; pavar&euml;sis&euml; s&euml; Shqip&euml;ris&euml;. Ministri i Pun&euml;ve t&euml; Brendshme Pan&ccedil;e Toshkovski, djegien e flamurit maqedonas e cil&euml;soi si &ldquo;sulm direkt ndaj shtetit&rdquo;, dhe tha [&hellip;]<\/p>\n","protected":false},"author":2,"featured_media":38266,"comment_status":"open","ping_status":"closed","sticky":false,"template":"","format":"standard","meta":{"_monsterinsights_skip_tracking":false,"_monsterinsights_sitenote_active":false,"_monsterinsights_sitenote_note":"","_monsterinsights_sitenote_category":0,"footnotes":""},"categories":[1],"tags":[],"class_list":["post-38265","post","type-post","status-publish","format-standard","has-post-thumbnail","hentry","category-vendi"],"_links":{"self":[{"href":"https:\/\/radiojehona.mk\/index.php?rest_route=\/wp\/v2\/posts\/38265","targetHints":{"allow":["GET"]}}],"collection":[{"href":"https:\/\/radiojehona.mk\/index.php?rest_route=\/wp\/v2\/posts"}],"about":[{"href":"https:\/\/radiojehona.mk\/index.php?rest_route=\/wp\/v2\/types\/post"}],"author":[{"embeddable":true,"href":"https:\/\/radiojehona.mk\/index.php?rest_route=\/wp\/v2\/users\/2"}],"replies":[{"embeddable":true,"href":"https:\/\/radiojehona.mk\/index.php?rest_route=%2Fwp%2Fv2%2Fcomments&post=38265"}],"version-history":[{"count":2,"href":"https:\/\/radiojehona.mk\/index.php?rest_route=\/wp\/v2\/posts\/38265\/revisions"}],"predecessor-version":[{"id":38268,"href":"https:\/\/radiojehona.mk\/index.php?rest_route=\/wp\/v2\/posts\/38265\/revisions\/38268"}],"wp:featuredmedia":[{"embeddable":true,"href":"https:\/\/radiojehona.mk\/index.php?rest_route=\/wp\/v2\/media\/38266"}],"wp:attachment":[{"href":"https:\/\/radiojehona.mk\/index.php?rest_route=%2Fwp%2Fv2%2Fmedia&parent=38265"}],"wp:term":[{"taxonomy":"category","embeddable":true,"href":"https:\/\/radiojehona.mk\/index.php?rest_route=%2Fwp%2Fv2%2Fcategories&post=38265"},{"taxonomy":"post_tag","embeddable":true,"href":"https:\/\/radiojehona.mk\/index.php?rest_route=%2Fwp%2Fv2%2Ftags&post=38265"}],"curies":[{"name":"wp","href":"https:\/\/api.w.org\/{rel}","templated":true}]}}