{"id":38261,"date":"2024-11-30T16:39:12","date_gmt":"2024-11-30T16:39:12","guid":{"rendered":"https:\/\/radiojehona.com\/?p=38261"},"modified":"2024-11-30T16:39:13","modified_gmt":"2024-11-30T16:39:13","slug":"hodhi-flamurin-shqiptar-sanksionohet-polici-maqedonas","status":"publish","type":"post","link":"https:\/\/radiojehona.mk\/?p=38261","title":{"rendered":"Hodhi flamurin shqiptar, sanksionohet polici maqedonas !"},"content":{"rendered":"\n<figure class=\"wp-block-image size-large\"><img fetchpriority=\"high\" decoding=\"async\" width=\"1024\" height=\"786\" src=\"https:\/\/radiojehona.com\/wp-content\/uploads\/2024\/11\/IMG_9615-1024x786.jpeg\" alt=\"\" class=\"wp-image-38262\" srcset=\"https:\/\/radiojehona.mk\/wp-content\/uploads\/2024\/11\/IMG_9615-1024x786.jpeg 1024w, https:\/\/radiojehona.mk\/wp-content\/uploads\/2024\/11\/IMG_9615-300x230.jpeg 300w, https:\/\/radiojehona.mk\/wp-content\/uploads\/2024\/11\/IMG_9615-768x590.jpeg 768w, https:\/\/radiojehona.mk\/wp-content\/uploads\/2024\/11\/IMG_9615.jpeg 1125w\" sizes=\"(max-width: 1024px) 100vw, 1024px\" \/><\/figure>\n\n\n\n<p>Autoritetet kan\u00eb nd\u00ebrmarr\u00eb veprime p\u00ebr procedur\u00eb disiplinore ndaj policit q\u00eb e hoqi flamurin shqiptar nga shtylla n\u00eb Kumanov\u00eb. Ministri i Brendsh\u00ebm, Pan\u00e7e Toshkovski tha se i ka par\u00eb videot dhe se tashm\u00eb jan\u00eb p\u00ebrgatitur shkresa zyrtare p\u00ebr dy polic\u00eb, nj\u00ebri maqedonas dhe tjetri shqiptar.<\/p>\n\n\n\nhttps:\/\/www.facebook.com\/share\/v\/1DvvDNnJmF\/?mibextid=rS40aB7S9Ucbxw6v\n\n\n\n<p><strong>\u201c\u00cbsht\u00eb p\u00ebrgatitur shkres\u00eb zyrtare edhe ndaj zyrtarit q\u00eb ishte ngjitur n\u00eb automjet, edhe ndaj nj\u00eb zyrtari tjet\u00ebr. Nj\u00ebri person zyrtar \u00ebsht\u00eb shtetas i Maqedonis\u00eb, t\u00eb dy jan\u00eb shtetas t\u00eb Maqedonis\u00eb, nj\u00ebri \u00ebsht\u00eb me nacionalitet maqedonas, tjetri me nacionalitet shqiptar. K\u00ebshtu q\u00eb do t\u00eb do t\u00eb veprojm\u00eb n\u00eb m\u00ebnyr\u00eb adekuate, ju sigurojm\u00eb\u201d, tha Toshkovski.<\/strong><\/p>\n\n\n\n<p>Mbr\u00ebm\u00eb zv\/ministri i Brendsh\u00ebm Astrit Iseni siguroi q\u00eb nuk do t\u00eb lejoj\u00eb sjelle t\u00eb k\u00ebtilla n\u00eb MPB.<\/p>\n\n\n\n<p><strong>\u201cDo t\u00eb ket\u00eb nj\u00eb procedur\u00eb disiplinore kund\u00ebr punonj\u00ebsit t\u00eb MPB-s\u00eb, q\u00eb hodhi flamurin shqiptar, \u00e7do punonj\u00ebs i MPB-s\u00eb, ka detyrim t\u2019i respektoj\u00eb ligjet dhe simbolet e gjitha bashk\u00ebsive etnike n\u00eb RMV\u201d, tha Iseni.<\/strong><\/p>\n\n\n\n<p>Ndryshe, edhe zv\/kryeministri i par\u00eb Izet Mexhiti tha se heqja e flamujve nuk \u00ebsht\u00eb kompetenc\u00eb e policis\u00eb dhe premtoi se do t\u00eb ket\u00eb p\u00ebrgjegj\u00ebsi p\u00ebr rastin n\u00eb fjal\u00eb.\/tv21.tv\/<\/p>\n","protected":false},"excerpt":{"rendered":"<p>Autoritetet kan&euml; nd&euml;rmarr&euml; veprime p&euml;r procedur&euml; disiplinore ndaj policit q&euml; e hoqi flamurin shqiptar nga shtylla n&euml; Kumanov&euml;. Ministri i Brendsh&euml;m, Pan&ccedil;e Toshkovski tha se i ka par&euml; videot dhe se tashm&euml; jan&euml; p&euml;rgatitur shkresa zyrtare p&euml;r dy polic&euml;, nj&euml;ri maqedonas dhe tjetri shqiptar. https:\/\/www.facebook.com\/share\/v\/1DvvDNnJmF\/?mibextid=rS40aB7S9Ucbxw6v &ldquo;&Euml;sht&euml; p&euml;rgatitur shkres&euml; zyrtare edhe ndaj zyrtarit q&euml; ishte ngjitur [&hellip;]<\/p>\n","protected":false},"author":2,"featured_media":38262,"comment_status":"open","ping_status":"closed","sticky":false,"template":"","format":"standard","meta":{"_monsterinsights_skip_tracking":false,"_monsterinsights_sitenote_active":false,"_monsterinsights_sitenote_note":"","_monsterinsights_sitenote_category":0,"footnotes":""},"categories":[1],"tags":[],"class_list":["post-38261","post","type-post","status-publish","format-standard","has-post-thumbnail","hentry","category-vendi"],"_links":{"self":[{"href":"https:\/\/radiojehona.mk\/index.php?rest_route=\/wp\/v2\/posts\/38261","targetHints":{"allow":["GET"]}}],"collection":[{"href":"https:\/\/radiojehona.mk\/index.php?rest_route=\/wp\/v2\/posts"}],"about":[{"href":"https:\/\/radiojehona.mk\/index.php?rest_route=\/wp\/v2\/types\/post"}],"author":[{"embeddable":true,"href":"https:\/\/radiojehona.mk\/index.php?rest_route=\/wp\/v2\/users\/2"}],"replies":[{"embeddable":true,"href":"https:\/\/radiojehona.mk\/index.php?rest_route=%2Fwp%2Fv2%2Fcomments&post=38261"}],"version-history":[{"count":2,"href":"https:\/\/radiojehona.mk\/index.php?rest_route=\/wp\/v2\/posts\/38261\/revisions"}],"predecessor-version":[{"id":38264,"href":"https:\/\/radiojehona.mk\/index.php?rest_route=\/wp\/v2\/posts\/38261\/revisions\/38264"}],"wp:featuredmedia":[{"embeddable":true,"href":"https:\/\/radiojehona.mk\/index.php?rest_route=\/wp\/v2\/media\/38262"}],"wp:attachment":[{"href":"https:\/\/radiojehona.mk\/index.php?rest_route=%2Fwp%2Fv2%2Fmedia&parent=38261"}],"wp:term":[{"taxonomy":"category","embeddable":true,"href":"https:\/\/radiojehona.mk\/index.php?rest_route=%2Fwp%2Fv2%2Fcategories&post=38261"},{"taxonomy":"post_tag","embeddable":true,"href":"https:\/\/radiojehona.mk\/index.php?rest_route=%2Fwp%2Fv2%2Ftags&post=38261"}],"curies":[{"name":"wp","href":"https:\/\/api.w.org\/{rel}","templated":true}]}}