{"id":38254,"date":"2024-11-30T00:15:20","date_gmt":"2024-11-30T00:15:20","guid":{"rendered":"https:\/\/radiojehona.com\/?p=38254"},"modified":"2024-11-30T00:15:21","modified_gmt":"2024-11-30T00:15:21","slug":"messi-me-mungon-barcelona-do-te-kthehem-nje-dite","status":"publish","type":"post","link":"https:\/\/radiojehona.mk\/?p=38254","title":{"rendered":"Messi: M\u00eb mungon Barcelona, do t\u00eb kthehem nj\u00eb dit\u00eb"},"content":{"rendered":"\n<figure class=\"wp-block-image size-full\"><img fetchpriority=\"high\" decoding=\"async\" width=\"600\" height=\"360\" src=\"https:\/\/radiojehona.com\/wp-content\/uploads\/2024\/11\/image_870x_66b12743be9c4-600x360-1.jpg\" alt=\"\" class=\"wp-image-38255\" srcset=\"https:\/\/radiojehona.mk\/wp-content\/uploads\/2024\/11\/image_870x_66b12743be9c4-600x360-1.jpg 600w, https:\/\/radiojehona.mk\/wp-content\/uploads\/2024\/11\/image_870x_66b12743be9c4-600x360-1-300x180.jpg 300w\" sizes=\"(max-width: 600px) 100vw, 600px\" \/><\/figure>\n\n\n\n<p>Lionel Messi ka uruar klubin e Barcelon\u00ebs n\u00eb 125 vjetorin e themelimit.<\/p>\n\n\n\n<p>Sulmuesi argjentinas edhe pse tashm\u00eb pjes\u00eb e Inter Miamit, nuk e ka harruar klubin me t\u00eb cilin fitoi gjith\u00e7ka.<\/p>\n\n\n\n<p>Ai ka th\u00ebn\u00eb se ndihet katalan dhe se i mungon Barcelona.<\/p>\n\n\n\n<p>Madje Messi ka deklaruar se nj\u00eb dit\u00eb do t\u00eb rikthehet n\u00eb qytetin e Barcelon\u00ebs, p\u00ebr t\u00eb jetuar s\u00eb bashku me familjen e tij.<\/p>\n\n\n\n<p>\u201cNdihem katalan dhe m\u00eb mungon shum\u00eb Barcelona. Askush nuk e di se \u00e7far\u00eb na pret e ardhmja, por q\u00ebllimi yn\u00eb \u00ebsht\u00eb t\u00eb kthehemi p\u00ebr t\u00eb jetuar atje sepse \u00ebsht\u00eb sht\u00ebpia jon\u00eb\u201d, ka deklaruar Messi.<\/p>\n\n\n\n<p>Messi u largua nga Bar\u00e7a n\u00eb vitin 2021, duke iu bashkuar PSG-s\u00eb.<\/p>\n\n\n\n<p>P\u00ebr momentin, argjentinasi luan tek Inter Miami n\u00eb ShBA.<\/p>\n","protected":false},"excerpt":{"rendered":"<p>Lionel Messi ka uruar klubin e Barcelon&euml;s n&euml; 125 vjetorin e themelimit. Sulmuesi argjentinas edhe pse tashm&euml; pjes&euml; e Inter Miamit, nuk e ka harruar klubin me t&euml; cilin fitoi gjith&ccedil;ka. Ai ka th&euml;n&euml; se ndihet katalan dhe se i mungon Barcelona. Madje Messi ka deklaruar se nj&euml; dit&euml; do t&euml; rikthehet n&euml; qytetin e [&hellip;]<\/p>\n","protected":false},"author":2,"featured_media":38255,"comment_status":"open","ping_status":"closed","sticky":false,"template":"","format":"standard","meta":{"_monsterinsights_skip_tracking":false,"_monsterinsights_sitenote_active":false,"_monsterinsights_sitenote_note":"","_monsterinsights_sitenote_category":0,"footnotes":""},"categories":[578],"tags":[],"class_list":["post-38254","post","type-post","status-publish","format-standard","has-post-thumbnail","hentry","category-sport"],"_links":{"self":[{"href":"https:\/\/radiojehona.mk\/index.php?rest_route=\/wp\/v2\/posts\/38254","targetHints":{"allow":["GET"]}}],"collection":[{"href":"https:\/\/radiojehona.mk\/index.php?rest_route=\/wp\/v2\/posts"}],"about":[{"href":"https:\/\/radiojehona.mk\/index.php?rest_route=\/wp\/v2\/types\/post"}],"author":[{"embeddable":true,"href":"https:\/\/radiojehona.mk\/index.php?rest_route=\/wp\/v2\/users\/2"}],"replies":[{"embeddable":true,"href":"https:\/\/radiojehona.mk\/index.php?rest_route=%2Fwp%2Fv2%2Fcomments&post=38254"}],"version-history":[{"count":2,"href":"https:\/\/radiojehona.mk\/index.php?rest_route=\/wp\/v2\/posts\/38254\/revisions"}],"predecessor-version":[{"id":38257,"href":"https:\/\/radiojehona.mk\/index.php?rest_route=\/wp\/v2\/posts\/38254\/revisions\/38257"}],"wp:featuredmedia":[{"embeddable":true,"href":"https:\/\/radiojehona.mk\/index.php?rest_route=\/wp\/v2\/media\/38255"}],"wp:attachment":[{"href":"https:\/\/radiojehona.mk\/index.php?rest_route=%2Fwp%2Fv2%2Fmedia&parent=38254"}],"wp:term":[{"taxonomy":"category","embeddable":true,"href":"https:\/\/radiojehona.mk\/index.php?rest_route=%2Fwp%2Fv2%2Fcategories&post=38254"},{"taxonomy":"post_tag","embeddable":true,"href":"https:\/\/radiojehona.mk\/index.php?rest_route=%2Fwp%2Fv2%2Ftags&post=38254"}],"curies":[{"name":"wp","href":"https:\/\/api.w.org\/{rel}","templated":true}]}}