{"id":38250,"date":"2024-11-30T00:13:26","date_gmt":"2024-11-30T00:13:26","guid":{"rendered":"https:\/\/radiojehona.com\/?p=38250"},"modified":"2024-11-30T00:13:26","modified_gmt":"2024-11-30T00:13:26","slug":"adelina-ismaili-rrefen-periudhen-e-erret-te-jetes-shkrimi-qe-me-detyroi-te-mbyllesha-tre-muaj-ne-dhome","status":"publish","type":"post","link":"https:\/\/radiojehona.mk\/?p=38250","title":{"rendered":"Adelina Ismaili rr\u00ebfen periudh\u00ebn e err\u00ebt t\u00eb jet\u00ebs: Shkrimi q\u00eb m\u00eb detyroi t\u00eb mbyllesha tre muaj n\u00eb dhom\u00eb"},"content":{"rendered":"\n<figure class=\"wp-block-image size-full\"><img fetchpriority=\"high\" decoding=\"async\" width=\"640\" height=\"275\" src=\"https:\/\/radiojehona.com\/wp-content\/uploads\/2024\/11\/640-0-6749b4e6baaaf.png\" alt=\"\" class=\"wp-image-38251\" srcset=\"https:\/\/radiojehona.mk\/wp-content\/uploads\/2024\/11\/640-0-6749b4e6baaaf.png 640w, https:\/\/radiojehona.mk\/wp-content\/uploads\/2024\/11\/640-0-6749b4e6baaaf-300x129.png 300w\" sizes=\"(max-width: 640px) 100vw, 640px\" \/><\/figure>\n\n\n\n<p>Adelina Ismaili ka dh\u00ebn\u00eb nj\u00eb intervist\u00eb jete p\u00ebrball\u00eb Mira Kazhanit ku ka treguar edhe p\u00ebr ato pengjet tona, t\u00eb thashethemeve q\u00eb d\u00ebgjonim posht\u00eb e lart\u00eb n\u00eb vitet `90 \u2013 2000. Pati nj\u00eb periudh\u00eb shk\u00ebputjeje n\u00eb Shqip\u00ebri n\u00eb ato vite, u tha se Adelina, ylli i asaj kohe, p\u00ebr di\u00e7ka ishte m\u00ebrzitur me Shqip\u00ebrin\u00eb. N\u00eb fakt, e v\u00ebrteta ka qen\u00eb krejt ndryshe.<\/p>\n\n\n\n<p>Adelina rr\u00ebfeu n\u00eb Z\u00ebmeMir\u00ebn se Shqip\u00ebria e ka dashur gjithmon\u00eb shum\u00eb dhe ka qen\u00eb streha e saj e sigurt, por n\u00eb Kosov\u00eb vazhdimisht \u00ebsht\u00eb sulmuar. Ajo tregon p\u00ebr p\u00ebrgjigjet q\u00eb i b\u00ebheshin asaj dhe nj\u00eb bisede private me n\u00ebn\u00ebn, q\u00eb u shnd\u00ebrrua n\u00eb nj\u00eb titull prej t\u00eb cilit nuk doli tre muaj nga dhoma.<\/p>\n\n\n\n<p>\u201cMua po m\u00eb ndodhnin dy paradokse, n\u00eb nj\u00eb an\u00eb, isha n\u00eb kulm t\u00eb fam\u00ebs. N\u00eb an\u00ebn tjet\u00ebr, un\u00eb kisha aq shum\u00eb sulme. Kishte kap\u00ebrcyer edhe kufijt\u00eb e njer\u00ebzores. Un\u00eb isha e sulmuar nga nj\u00eb aparat i t\u00ebr\u00eb. At\u00ebher\u00eb kishim gazeta, nuk kishim portale si\u00e7 kemi sot. Isha e sulmuar nga televizioni publik n\u00eb Kosov\u00eb. Por kjo ndodhte sepse un\u00eb isha e rrjeshtuar n\u00eb nj\u00eb vij\u00eb politike dhe nuk e kam fshehur kurr\u00eb sepse i kam kushtuar k\u00ebng\u00eb, krahas Ibrahim Rugov\u00ebs. Ishte nj\u00eb moment kur p\u00ebrgjoheshin bisedat e mia dhe t\u00eb mamit, n\u00eb post\u00eb ilegalisht. Ishte publikuar n\u00eb faqen e par\u00eb t\u00eb nj\u00eb gazete nj\u00eb bised\u00eb shum\u00eb intime me mua, mes meje dhe mamit. Nuk dola tre muaj nga sht\u00ebpia, as n\u00eb shkoll\u00eb nuk shkova sepse ishte shum\u00eb vulgare, banale, u banalizua. Un\u00eb e mami po flisnim p\u00ebr nj\u00eb cik\u00ebl fem\u00ebror dhe tituli ishte: A po p\u00ebrgjaket filan parti nga Adelina Ismaili. Dhe pas asaj un\u00eb nuk mund t\u00eb shkoja n\u00eb shkoll\u00eb t\u2019i shikoja profesor\u00ebt e mi n\u00eb sy\u201d, tregoi Adelina duke v\u00ebrtetuar edhe nj\u00ebher\u00eb at\u00eb q\u00eb t\u00eb gjith\u00eb dim\u00eb, fama n\u00eb e madhe, n\u00eb mosh\u00eb t\u00eb vog\u00ebl, ka kostot e saj.<\/p>\n","protected":false},"excerpt":{"rendered":"<p>Adelina Ismaili ka dh&euml;n&euml; nj&euml; intervist&euml; jete p&euml;rball&euml; Mira Kazhanit ku ka treguar edhe p&euml;r ato pengjet tona, t&euml; thashethemeve q&euml; d&euml;gjonim posht&euml; e lart&euml; n&euml; vitet `90 &ndash; 2000. Pati nj&euml; periudh&euml; shk&euml;putjeje n&euml; Shqip&euml;ri n&euml; ato vite, u tha se Adelina, ylli i asaj kohe, p&euml;r di&ccedil;ka ishte m&euml;rzitur me Shqip&euml;rin&euml;. N&euml; fakt, [&hellip;]<\/p>\n","protected":false},"author":2,"featured_media":38251,"comment_status":"open","ping_status":"closed","sticky":false,"template":"","format":"standard","meta":{"_monsterinsights_skip_tracking":false,"_monsterinsights_sitenote_active":false,"_monsterinsights_sitenote_note":"","_monsterinsights_sitenote_category":0,"footnotes":""},"categories":[7],"tags":[],"class_list":["post-38250","post","type-post","status-publish","format-standard","has-post-thumbnail","hentry","category-showbizz"],"_links":{"self":[{"href":"https:\/\/radiojehona.mk\/index.php?rest_route=\/wp\/v2\/posts\/38250","targetHints":{"allow":["GET"]}}],"collection":[{"href":"https:\/\/radiojehona.mk\/index.php?rest_route=\/wp\/v2\/posts"}],"about":[{"href":"https:\/\/radiojehona.mk\/index.php?rest_route=\/wp\/v2\/types\/post"}],"author":[{"embeddable":true,"href":"https:\/\/radiojehona.mk\/index.php?rest_route=\/wp\/v2\/users\/2"}],"replies":[{"embeddable":true,"href":"https:\/\/radiojehona.mk\/index.php?rest_route=%2Fwp%2Fv2%2Fcomments&post=38250"}],"version-history":[{"count":2,"href":"https:\/\/radiojehona.mk\/index.php?rest_route=\/wp\/v2\/posts\/38250\/revisions"}],"predecessor-version":[{"id":38253,"href":"https:\/\/radiojehona.mk\/index.php?rest_route=\/wp\/v2\/posts\/38250\/revisions\/38253"}],"wp:featuredmedia":[{"embeddable":true,"href":"https:\/\/radiojehona.mk\/index.php?rest_route=\/wp\/v2\/media\/38251"}],"wp:attachment":[{"href":"https:\/\/radiojehona.mk\/index.php?rest_route=%2Fwp%2Fv2%2Fmedia&parent=38250"}],"wp:term":[{"taxonomy":"category","embeddable":true,"href":"https:\/\/radiojehona.mk\/index.php?rest_route=%2Fwp%2Fv2%2Fcategories&post=38250"},{"taxonomy":"post_tag","embeddable":true,"href":"https:\/\/radiojehona.mk\/index.php?rest_route=%2Fwp%2Fv2%2Ftags&post=38250"}],"curies":[{"name":"wp","href":"https:\/\/api.w.org\/{rel}","templated":true}]}}