{"id":38242,"date":"2024-11-30T00:08:07","date_gmt":"2024-11-30T00:08:07","guid":{"rendered":"https:\/\/radiojehona.com\/?p=38242"},"modified":"2024-11-30T00:08:08","modified_gmt":"2024-11-30T00:08:08","slug":"skandali-me-flamurin-shqiptar-reagon-ministria-e-brendshme-maqedonase-procedim-disiplinor-per-policin-ka-detyrim-te-respektoje-simbolet-e-cdo-bashkesie-etnike","status":"publish","type":"post","link":"https:\/\/radiojehona.mk\/?p=38242","title":{"rendered":"Skandali me flamurin shqiptar, reagon Ministria e Brendshme maqedonase: Procedim disiplinor p\u00ebr policin, ka detyrim t\u00eb respektoj\u00eb simbolet e \u00e7do bashk\u00ebsie etnike"},"content":{"rendered":"\n<figure class=\"wp-block-image size-full\"><img fetchpriority=\"high\" decoding=\"async\" width=\"780\" height=\"440\" src=\"https:\/\/radiojehona.com\/wp-content\/uploads\/2024\/11\/1732916356_astritiseni.jpg\" alt=\"\" class=\"wp-image-38243\" srcset=\"https:\/\/radiojehona.mk\/wp-content\/uploads\/2024\/11\/1732916356_astritiseni.jpg 780w, https:\/\/radiojehona.mk\/wp-content\/uploads\/2024\/11\/1732916356_astritiseni-300x169.jpg 300w, https:\/\/radiojehona.mk\/wp-content\/uploads\/2024\/11\/1732916356_astritiseni-768x433.jpg 768w\" sizes=\"(max-width: 780px) 100vw, 780px\" \/><\/figure>\n\n\n\n<p>Zv.ministri i Pun\u00ebve t\u00eb Brendshme n\u00eb Maqedonin\u00eb e Veriut, Astrit Iseni ka reaguar p\u00ebr incidentin e r\u00ebnd\u00eb n\u00eb Kumanov\u00eb, ku nj\u00eb polic hoqi flamurin shqiptar t\u00eb vendosur p\u00ebr festat e n\u00ebntorit dhe n\u00eb nj\u00eb video dallohet teksa e hedh n\u00eb tok\u00eb. Ky \u00ebsht\u00eb reagimi i par\u00eb q\u00eb vjen nga autoritetet maqedonase dhe zv.ministri i Brendsh\u00ebm thot\u00eb se do t\u00eb nis\u00eb nj\u00eb procedur\u00eb disiplinore ndaj policit q\u00eb hodhi flamurin shqiptar.<\/p>\n\n\n\n<p>Iseni dhe shtoi se \u00e7do punonj\u00ebs i MPB-s\u00eb ka detyrimin t\u00eb respektoj\u00eb ligjet dhe simbolet e t\u00eb gjitha bashk\u00ebsive etnike n\u00eb Republik\u00ebn e Maqedonis\u00eb s\u00eb Veriut. Iseni tha se ligjet do t\u00eb zbatohen nga t\u00eb gjith\u00eb nd\u00ebrsa mosrespektimi i tyre, do t\u00eb sanksionohet pa p\u00ebrjashtim.<\/p>\n\n\n\n<p>\u201cDo t\u00eb ket\u00eb nj\u00eb procedur\u00eb disiplinore kund\u00ebr punonj\u00ebsit t\u00eb MPB-s\u00eb q\u00eb hodhi flamurin Shqiptar. \u00c7do punonj\u00ebs i MPB-s\u00eb ka detyrimin t\u00eb respektoj\u00eb ligjet dhe simbolet e t\u00eb gjitha bashk\u00ebsive etnike n\u00eb Republik\u00ebn e Maqedonis\u00eb s\u00eb Veriut. Mosrespektimi i k\u00ebtyre detyrimeve do t\u00eb sanksionohet pa p\u00ebrjashtim.<\/p>\n\n\n\n<p>Ligjet do t\u00eb zbatohen nj\u00ebsoj p\u00ebr t\u00eb gjith\u00eb, nd\u00ebrsa institucionet do t\u00eb jen\u00eb garanc\u00eb p\u00ebr respektimin e toleranc\u00ebs dhe t\u00eb drejtave nd\u00ebrmjet t\u00eb gjitha komuniteteve.<\/p>\n\n\n\n<figure class=\"wp-block-image\"><img decoding=\"async\" src=\"https:\/\/ads.balkanweb.com\/www\/delivery\/lg.php?bannerid=0&amp;campaignid=0&amp;zoneid=629&amp;loc=https%3A%2F%2Fwww.balkanweb.com%2Fskandali-me-flamurin-shqiptar-reagon-ministria-e-brendshme-maqedonase-procedim-disiplinor-per-policin-ka-detyrim-te-respektoje-simbolet-e-cdo-bashkesie-etnike%2F%23gsc.tab%3D0&amp;referer=https%3A%2F%2Fwww.fax.al%2F&amp;cb=820a52856c\" alt=\"\"\/><\/figure>\n\n\n\n<p>Sipas nenit 319 t\u00eb Kodit Penal, kushdo q\u00eb me dashje nxit p\u00ebr\u00e7arje, intoleranc\u00eb ose urrejtje p\u00ebrmes fyerjes ose shkat\u00ebrrimit t\u00eb simboleve komb\u00ebtare ose fetare, do t\u00eb mbaj\u00eb p\u00ebrgjegj\u00ebsi penale. Nuk do t\u00eb lejoj q\u00eb nj\u00eb sjellje e till\u00eb, sidomos kur vjen nga nj\u00eb punonj\u00ebs i Ministris\u00eb s\u00eb Pun\u00ebve t\u00eb Brendshme, t\u00eb mbetet e pand\u00ebshkuar.<\/p>\n\n\n\n<p>Si zv\/ministri i Pun\u00ebve t\u00eb Brendshme, un\u00eb qart\u00eb e d\u00ebnoj \u00e7do shkelje ose mosrespektim t\u00eb simboleve shtet\u00ebrore dhe komb\u00ebtare t\u00eb Republik\u00ebs s\u00eb Maqedonis\u00eb s\u00eb Veriut, pavar\u00ebsisht n\u00ebse b\u00ebhet fjal\u00eb p\u00ebr flamurin e maqedonasve, shqiptar\u00ebve, apo t\u00eb cilitdo bashk\u00ebsi etnike tjet\u00ebr.<\/p>\n\n\n\n<p>Dje t\u00eb gjith\u00eb s\u00eb bashku e d\u00ebnuam aktin e fyerjes s\u00eb flamurit shtet\u00ebror t\u00eb Republik\u00ebs s\u00eb Maqedonis\u00eb s\u00eb Veriut, duke konfirmuar angazhimin ton\u00eb p\u00ebr bashk\u00ebjetes\u00eb dhe respekt reciprok. Sot, gjithashtu e d\u00ebnoj dhe konfirmoj se do t\u00eb ket\u00eb p\u00ebrgjegj\u00ebsi p\u00ebr punonj\u00ebsin e Ministris\u00eb s\u00eb Pun\u00ebve t\u00eb Brendshme q\u00eb ka vepruar n\u00eb m\u00ebnyr\u00eb fyese dhe t\u00eb papranueshme ndaj flamurit, i cili \u00ebsht\u00eb simbol komb\u00ebtar i shqiptar\u00ebve, nj\u00eb flamur q\u00eb \u00ebsht\u00eb rregulluar me ligj p\u00ebr p\u00ebrdorim sipas normave ligjore t\u00eb shtetit ton\u00eb\u201d, thuhet n\u00eb reagimin e zv\/ministri i Pun\u00ebve t\u00eb Brendshme, Astrit Iseni.<\/p>\n","protected":false},"excerpt":{"rendered":"<p>Zv.ministri i Pun&euml;ve t&euml; Brendshme n&euml; Maqedonin&euml; e Veriut, Astrit Iseni ka reaguar p&euml;r incidentin e r&euml;nd&euml; n&euml; Kumanov&euml;, ku nj&euml; polic hoqi flamurin shqiptar t&euml; vendosur p&euml;r festat e n&euml;ntorit dhe n&euml; nj&euml; video dallohet teksa e hedh n&euml; tok&euml;. Ky &euml;sht&euml; reagimi i par&euml; q&euml; vjen nga autoritetet maqedonase dhe zv.ministri i Brendsh&euml;m [&hellip;]<\/p>\n","protected":false},"author":2,"featured_media":38243,"comment_status":"open","ping_status":"closed","sticky":false,"template":"","format":"standard","meta":{"_monsterinsights_skip_tracking":false,"_monsterinsights_sitenote_active":false,"_monsterinsights_sitenote_note":"","_monsterinsights_sitenote_category":0,"footnotes":""},"categories":[1],"tags":[],"class_list":["post-38242","post","type-post","status-publish","format-standard","has-post-thumbnail","hentry","category-vendi"],"_links":{"self":[{"href":"https:\/\/radiojehona.mk\/index.php?rest_route=\/wp\/v2\/posts\/38242","targetHints":{"allow":["GET"]}}],"collection":[{"href":"https:\/\/radiojehona.mk\/index.php?rest_route=\/wp\/v2\/posts"}],"about":[{"href":"https:\/\/radiojehona.mk\/index.php?rest_route=\/wp\/v2\/types\/post"}],"author":[{"embeddable":true,"href":"https:\/\/radiojehona.mk\/index.php?rest_route=\/wp\/v2\/users\/2"}],"replies":[{"embeddable":true,"href":"https:\/\/radiojehona.mk\/index.php?rest_route=%2Fwp%2Fv2%2Fcomments&post=38242"}],"version-history":[{"count":2,"href":"https:\/\/radiojehona.mk\/index.php?rest_route=\/wp\/v2\/posts\/38242\/revisions"}],"predecessor-version":[{"id":38245,"href":"https:\/\/radiojehona.mk\/index.php?rest_route=\/wp\/v2\/posts\/38242\/revisions\/38245"}],"wp:featuredmedia":[{"embeddable":true,"href":"https:\/\/radiojehona.mk\/index.php?rest_route=\/wp\/v2\/media\/38243"}],"wp:attachment":[{"href":"https:\/\/radiojehona.mk\/index.php?rest_route=%2Fwp%2Fv2%2Fmedia&parent=38242"}],"wp:term":[{"taxonomy":"category","embeddable":true,"href":"https:\/\/radiojehona.mk\/index.php?rest_route=%2Fwp%2Fv2%2Fcategories&post=38242"},{"taxonomy":"post_tag","embeddable":true,"href":"https:\/\/radiojehona.mk\/index.php?rest_route=%2Fwp%2Fv2%2Ftags&post=38242"}],"curies":[{"name":"wp","href":"https:\/\/api.w.org\/{rel}","templated":true}]}}