{"id":38238,"date":"2024-11-30T00:05:58","date_gmt":"2024-11-30T00:05:58","guid":{"rendered":"https:\/\/radiojehona.com\/?p=38238"},"modified":"2024-11-30T00:05:59","modified_gmt":"2024-11-30T00:05:59","slug":"shefi-i-eulex-it-e-denojme-sulmin-ne-iber-lepenc-autoret-duhet-te-mbahen-pergjegjes","status":"publish","type":"post","link":"https:\/\/radiojehona.mk\/?p=38238","title":{"rendered":"Shefi i EULEX-it: E d\u00ebnojm\u00eb sulmin n\u00eb Ib\u00ebr Lepenc, autor\u00ebt duhet t\u00eb mbahen p\u00ebrgjegj\u00ebs"},"content":{"rendered":"\n<figure class=\"wp-block-image size-full\"><img fetchpriority=\"high\" decoding=\"async\" width=\"850\" height=\"450\" src=\"https:\/\/radiojehona.com\/wp-content\/uploads\/2024\/11\/850x600_IMG_17461732921452.jpeg\" alt=\"\" class=\"wp-image-38239\" srcset=\"https:\/\/radiojehona.mk\/wp-content\/uploads\/2024\/11\/850x600_IMG_17461732921452.jpeg 850w, https:\/\/radiojehona.mk\/wp-content\/uploads\/2024\/11\/850x600_IMG_17461732921452-300x159.jpeg 300w, https:\/\/radiojehona.mk\/wp-content\/uploads\/2024\/11\/850x600_IMG_17461732921452-768x407.jpeg 768w\" sizes=\"(max-width: 850px) 100vw, 850px\" \/><\/figure>\n\n\n\n<p>Shefi i Misionit t\u00eb EULEX-it, Giovanni Pietro Barbano, ka th\u00ebn\u00eb se e d\u00ebnon shp\u00ebrthimin q\u00eb ka ndodhur sonte n\u00eb kanalin e ujit t\u00eb Ib\u00ebr Lepencit.<\/p>\n\n\n\n<p>N\u00eb nj\u00eb postim n\u00eb platform\u00ebn X, ai \u00ebsht\u00eb shprehur se&nbsp; e mb\u00ebshtet plot\u00ebsisht reagimin edhe t\u00eb shefit t\u00eb Bashkimit Evropian n\u00eb Kosov\u00eb, Aivo Orav, p\u00ebr t\u00eb nj\u00ebjt\u00ebn \u00e7\u00ebshtje.<\/p>\n\n\n\n<p>\u201cE d\u00ebnojm\u00eb fuqish\u00ebm sulmin e r\u00ebnd\u00eb t\u00eb mbr\u00ebmjes s\u00eb sotme n\u00eb kanalin e Ib\u00ebr Lepencit dhe pasojat e tij t\u00eb mundshme\u201d.<\/p>\n\n\n\n<p>\u201cEULEX-i \u00ebsht\u00eb i angazhuar n\u00eb monitorimin e hetimeve t\u00eb shpejta: autor\u00ebt duhet t\u00eb mbahen p\u00ebrgjegj\u00ebs\u201d, ka th\u00ebn\u00eb Barbano.<\/p>\n\n\n\n<p>\u00a9 SYRI.net<\/p>\n","protected":false},"excerpt":{"rendered":"<p>Shefi i Misionit t&euml; EULEX-it, Giovanni Pietro Barbano, ka th&euml;n&euml; se e d&euml;non shp&euml;rthimin q&euml; ka ndodhur sonte n&euml; kanalin e ujit t&euml; Ib&euml;r Lepencit. N&euml; nj&euml; postim n&euml; platform&euml;n X, ai &euml;sht&euml; shprehur se&nbsp; e mb&euml;shtet plot&euml;sisht reagimin edhe t&euml; shefit t&euml; Bashkimit Evropian n&euml; Kosov&euml;, Aivo Orav, p&euml;r t&euml; nj&euml;jt&euml;n &ccedil;&euml;shtje. &ldquo;E d&euml;nojm&euml; [&hellip;]<\/p>\n","protected":false},"author":2,"featured_media":38239,"comment_status":"open","ping_status":"closed","sticky":false,"template":"","format":"standard","meta":{"_monsterinsights_skip_tracking":false,"_monsterinsights_sitenote_active":false,"_monsterinsights_sitenote_note":"","_monsterinsights_sitenote_category":0,"footnotes":""},"categories":[576],"tags":[],"class_list":["post-38238","post","type-post","status-publish","format-standard","has-post-thumbnail","hentry","category-rajoni"],"_links":{"self":[{"href":"https:\/\/radiojehona.mk\/index.php?rest_route=\/wp\/v2\/posts\/38238","targetHints":{"allow":["GET"]}}],"collection":[{"href":"https:\/\/radiojehona.mk\/index.php?rest_route=\/wp\/v2\/posts"}],"about":[{"href":"https:\/\/radiojehona.mk\/index.php?rest_route=\/wp\/v2\/types\/post"}],"author":[{"embeddable":true,"href":"https:\/\/radiojehona.mk\/index.php?rest_route=\/wp\/v2\/users\/2"}],"replies":[{"embeddable":true,"href":"https:\/\/radiojehona.mk\/index.php?rest_route=%2Fwp%2Fv2%2Fcomments&post=38238"}],"version-history":[{"count":2,"href":"https:\/\/radiojehona.mk\/index.php?rest_route=\/wp\/v2\/posts\/38238\/revisions"}],"predecessor-version":[{"id":38241,"href":"https:\/\/radiojehona.mk\/index.php?rest_route=\/wp\/v2\/posts\/38238\/revisions\/38241"}],"wp:featuredmedia":[{"embeddable":true,"href":"https:\/\/radiojehona.mk\/index.php?rest_route=\/wp\/v2\/media\/38239"}],"wp:attachment":[{"href":"https:\/\/radiojehona.mk\/index.php?rest_route=%2Fwp%2Fv2%2Fmedia&parent=38238"}],"wp:term":[{"taxonomy":"category","embeddable":true,"href":"https:\/\/radiojehona.mk\/index.php?rest_route=%2Fwp%2Fv2%2Fcategories&post=38238"},{"taxonomy":"post_tag","embeddable":true,"href":"https:\/\/radiojehona.mk\/index.php?rest_route=%2Fwp%2Fv2%2Ftags&post=38238"}],"curies":[{"name":"wp","href":"https:\/\/api.w.org\/{rel}","templated":true}]}}